{"id":1787,"date":"2023-09-14T11:04:51","date_gmt":"2023-09-14T09:04:51","guid":{"rendered":"http:\/\/prowincjawarszawska.pl\/?p=1787"},"modified":"2023-09-14T11:06:19","modified_gmt":"2023-09-14T09:06:19","slug":"uroczystosc-sw-zygmunta-szczesnego-felinskiego","status":"publish","type":"post","link":"https:\/\/prowincjawarszawska.pl\/index.php\/2023\/09\/14\/uroczystosc-sw-zygmunta-szczesnego-felinskiego\/","title":{"rendered":"UROCZYSTO\u015a\u0106 \u015aW. ZYGMUNTA SZCZ\u0118SNEGO FELI\u0143SKIEGO"},"content":{"rendered":"<p>17 wrze\u015bnia Siostry Franciszkanki Rodziny Maryi obchodz\u0105 Uroczysto\u015b\u0107 \u015awi\u0119tego Zygmunta Szcz\u0119snego Feli\u0144skiego &#8211; ich za\u0142o\u017cyciela. dlatego te\u017c zapraszamy wszystkich Jego czcicieli do Archikatedry Warszawskiej w sobot\u0119 16 wrze\u015bnia o godz. 11.00, gdzie zostanie odprawiona uroczysta Msza \u015bw. dzi\u0119kczynna za dar \u015bw. Zygmunta Szcz\u0119snego Feli\u0144skiego \u2013 Arcybiskupa Warszawskiego z pro\u015bb\u0105 o dobre i liczne powo\u0142ania do pos\u0142ugi w Ko\u015bciele z udzia\u0142em Si\u00f3str Franciszkanek Rodziny Maryi. Mszy \u015bw. b\u0119dzie przewodniczy\u0142 Jego Eminencja Ksi\u0105dz Kardyna\u0142 Kazimierz Nycz.&nbsp; Serdecznie zapraszamy. Serdecznie zapraszamy!<\/p>\n<p>&nbsp;<\/p>\n<p>Uroczysto\u015bci te zast\u0119puj\u0105 comiesi\u0119czne nabo\u017ce\u0144stwo do \u015bw. Zygmunta Szcz\u0119snego Feli\u0144skiego, kt\u00f3re odbywa si\u0119 ka\u017cdego 17 dnia miesi\u0105ca w kaplicy Si\u00f3str na ul. Ho\u017cej 53.<\/p>\n<p>&nbsp;<\/p>\n<p>Intencje wpisywane do zeszytu b\u0119d\u0105 odczytane i w\u0142\u0105czone w modlitw\u0119 r\u00f3\u017ca\u0144cow\u0105 Si\u00f3str 16 wrze\u015bnia o godz. 16.40.<\/p>\n<p>Natomiast 17 wrze\u015bnia niezmiennie zostanie odprawiona o godz. 7.30 Msza \u015awi\u0119ta w tych intencjach.<\/p>\n<p>&nbsp;<\/p>\n<p>z darem modlitwy:<\/p>\n<p>Siostry Franciszkanki Rodziny Maryi<\/p>\n\n\n<figure class=\"wp-block-image size-large is-resized\"><img loading=\"lazy\" decoding=\"async\" src=\"http:\/\/prowincjawarszawska.pl\/wp-content\/uploads\/2023\/09\/16-WRZESNIA-2-1024x576.jpg\" alt=\"\" class=\"wp-image-1789\" width=\"416\" height=\"234\" srcset=\"https:\/\/prowincjawarszawska.pl\/wp-content\/uploads\/2023\/09\/16-WRZESNIA-2-1024x576.jpg 1024w, https:\/\/prowincjawarszawska.pl\/wp-content\/uploads\/2023\/09\/16-WRZESNIA-2-300x169.jpg 300w, https:\/\/prowincjawarszawska.pl\/wp-content\/uploads\/2023\/09\/16-WRZESNIA-2-768x432.jpg 768w, https:\/\/prowincjawarszawska.pl\/wp-content\/uploads\/2023\/09\/16-WRZESNIA-2-600x338.jpg 600w, https:\/\/prowincjawarszawska.pl\/wp-content\/uploads\/2023\/09\/16-WRZESNIA-2.jpg 1280w\" sizes=\"auto, (max-width: 416px) 100vw, 416px\" \/><\/figure>\n","protected":false},"excerpt":{"rendered":"<p>17 wrze\u015bnia Siostry Franciszkanki Rodziny Maryi obchodz\u0105 Uroczysto\u015b\u0107 \u015awi\u0119tego Zygmunta Szcz\u0119snego Feli\u0144skiego &#8211; ich za\u0142o\u017cyciela. dlatego te\u017c zapraszamy wszystkich Jego czcicieli do Archikatedry Warszawskiej w sobot\u0119 16 wrze\u015bnia o godz. 11.00, gdzie zostanie odprawiona uroczysta Msza \u015bw. dzi\u0119kczynna za dar \u015bw. Zygmunta Szcz\u0119snego Feli\u0144skiego \u2013 Arcybiskupa Warszawskiego z pro\u015bb\u0105 o dobre i liczne powo\u0142ania do [&hellip;]<\/p>\n","protected":false},"author":2,"featured_media":1789,"comment_status":"closed","ping_status":"open","sticky":false,"template":"","format":"standard","meta":{"_jetpack_memberships_contains_paid_content":false,"footnotes":""},"categories":[24],"tags":[],"class_list":["post-1787","post","type-post","status-publish","format-standard","has-post-thumbnail","hentry","category-sw-zygmunt"],"yoast_head":"<!-- This site is optimized with the Yoast SEO plugin v24.5 - https:\/\/yoast.com\/wordpress\/plugins\/seo\/ -->\n<title>UROCZYSTO\u015a\u0106 \u015aW. ZYGMUNTA SZCZ\u0118SNEGO FELI\u0143SKIEGO - Zgromadzenie Si\u00f3str Franciszkanek Rodziny Maryi<\/title>\n<meta name=\"robots\" content=\"index, follow, max-snippet:-1, max-image-preview:large, max-video-preview:-1\" \/>\n<link rel=\"canonical\" href=\"https:\/\/prowincjawarszawska.pl\/index.php\/2023\/09\/14\/uroczystosc-sw-zygmunta-szczesnego-felinskiego\/\" \/>\n<meta property=\"og:locale\" content=\"pl_PL\" \/>\n<meta property=\"og:type\" content=\"article\" \/>\n<meta property=\"og:title\" content=\"UROCZYSTO\u015a\u0106 \u015aW. ZYGMUNTA SZCZ\u0118SNEGO FELI\u0143SKIEGO - Zgromadzenie Si\u00f3str Franciszkanek Rodziny Maryi\" \/>\n<meta property=\"og:description\" content=\"17 wrze\u015bnia Siostry Franciszkanki Rodziny Maryi obchodz\u0105 Uroczysto\u015b\u0107 \u015awi\u0119tego Zygmunta Szcz\u0119snego Feli\u0144skiego &#8211; ich za\u0142o\u017cyciela. dlatego te\u017c zapraszamy wszystkich Jego czcicieli do Archikatedry Warszawskiej w sobot\u0119 16 wrze\u015bnia o godz. 11.00, gdzie zostanie odprawiona uroczysta Msza \u015bw. dzi\u0119kczynna za dar \u015bw. Zygmunta Szcz\u0119snego Feli\u0144skiego \u2013 Arcybiskupa Warszawskiego z pro\u015bb\u0105 o dobre i liczne powo\u0142ania do [&hellip;]\" \/>\n<meta property=\"og:url\" content=\"https:\/\/prowincjawarszawska.pl\/index.php\/2023\/09\/14\/uroczystosc-sw-zygmunta-szczesnego-felinskiego\/\" \/>\n<meta property=\"og:site_name\" content=\"Zgromadzenie Si\u00f3str Franciszkanek Rodziny Maryi\" \/>\n<meta property=\"article:published_time\" content=\"2023-09-14T09:04:51+00:00\" \/>\n<meta property=\"article:modified_time\" content=\"2023-09-14T09:06:19+00:00\" \/>\n<meta property=\"og:image\" content=\"https:\/\/prowincjawarszawska.pl\/wp-content\/uploads\/2023\/09\/16-WRZESNIA-2.jpg\" \/>\n\t<meta property=\"og:image:width\" content=\"1280\" \/>\n\t<meta property=\"og:image:height\" content=\"720\" \/>\n\t<meta property=\"og:image:type\" content=\"image\/jpeg\" \/>\n<meta name=\"author\" content=\"Aleksandra Karczewska\" \/>\n<meta name=\"twitter:card\" content=\"summary_large_image\" \/>\n<meta name=\"twitter:label1\" content=\"Napisane przez\" \/>\n\t<meta name=\"twitter:data1\" content=\"Aleksandra Karczewska\" \/>\n\t<meta name=\"twitter:label2\" content=\"Szacowany czas czytania\" \/>\n\t<meta name=\"twitter:data2\" content=\"2 minuty\" \/>\n<script type=\"application\/ld+json\" class=\"yoast-schema-graph\">{\"@context\":\"https:\/\/schema.org\",\"@graph\":[{\"@type\":\"Article\",\"@id\":\"https:\/\/prowincjawarszawska.pl\/index.php\/2023\/09\/14\/uroczystosc-sw-zygmunta-szczesnego-felinskiego\/#article\",\"isPartOf\":{\"@id\":\"https:\/\/prowincjawarszawska.pl\/index.php\/2023\/09\/14\/uroczystosc-sw-zygmunta-szczesnego-felinskiego\/\"},\"author\":{\"name\":\"Aleksandra Karczewska\",\"@id\":\"https:\/\/prowincjawarszawska.pl\/#\/schema\/person\/b86f34f349ce4eae29f1ab3c78e3910b\"},\"headline\":\"UROCZYSTO\u015a\u0106 \u015aW. ZYGMUNTA SZCZ\u0118SNEGO FELI\u0143SKIEGO\",\"datePublished\":\"2023-09-14T09:04:51+00:00\",\"dateModified\":\"2023-09-14T09:06:19+00:00\",\"mainEntityOfPage\":{\"@id\":\"https:\/\/prowincjawarszawska.pl\/index.php\/2023\/09\/14\/uroczystosc-sw-zygmunta-szczesnego-felinskiego\/\"},\"wordCount\":179,\"publisher\":{\"@id\":\"https:\/\/prowincjawarszawska.pl\/#organization\"},\"image\":{\"@id\":\"https:\/\/prowincjawarszawska.pl\/index.php\/2023\/09\/14\/uroczystosc-sw-zygmunta-szczesnego-felinskiego\/#primaryimage\"},\"thumbnailUrl\":\"https:\/\/prowincjawarszawska.pl\/wp-content\/uploads\/2023\/09\/16-WRZESNIA-2.jpg\",\"articleSection\":[\"\u015aw. Zygmunt\"],\"inLanguage\":\"pl-PL\"},{\"@type\":\"WebPage\",\"@id\":\"https:\/\/prowincjawarszawska.pl\/index.php\/2023\/09\/14\/uroczystosc-sw-zygmunta-szczesnego-felinskiego\/\",\"url\":\"https:\/\/prowincjawarszawska.pl\/index.php\/2023\/09\/14\/uroczystosc-sw-zygmunta-szczesnego-felinskiego\/\",\"name\":\"UROCZYSTO\u015a\u0106 \u015aW. ZYGMUNTA SZCZ\u0118SNEGO FELI\u0143SKIEGO - Zgromadzenie Si\u00f3str Franciszkanek Rodziny Maryi\",\"isPartOf\":{\"@id\":\"https:\/\/prowincjawarszawska.pl\/#website\"},\"primaryImageOfPage\":{\"@id\":\"https:\/\/prowincjawarszawska.pl\/index.php\/2023\/09\/14\/uroczystosc-sw-zygmunta-szczesnego-felinskiego\/#primaryimage\"},\"image\":{\"@id\":\"https:\/\/prowincjawarszawska.pl\/index.php\/2023\/09\/14\/uroczystosc-sw-zygmunta-szczesnego-felinskiego\/#primaryimage\"},\"thumbnailUrl\":\"https:\/\/prowincjawarszawska.pl\/wp-content\/uploads\/2023\/09\/16-WRZESNIA-2.jpg\",\"datePublished\":\"2023-09-14T09:04:51+00:00\",\"dateModified\":\"2023-09-14T09:06:19+00:00\",\"breadcrumb\":{\"@id\":\"https:\/\/prowincjawarszawska.pl\/index.php\/2023\/09\/14\/uroczystosc-sw-zygmunta-szczesnego-felinskiego\/#breadcrumb\"},\"inLanguage\":\"pl-PL\",\"potentialAction\":[{\"@type\":\"ReadAction\",\"target\":[\"https:\/\/prowincjawarszawska.pl\/index.php\/2023\/09\/14\/uroczystosc-sw-zygmunta-szczesnego-felinskiego\/\"]}]},{\"@type\":\"ImageObject\",\"inLanguage\":\"pl-PL\",\"@id\":\"https:\/\/prowincjawarszawska.pl\/index.php\/2023\/09\/14\/uroczystosc-sw-zygmunta-szczesnego-felinskiego\/#primaryimage\",\"url\":\"https:\/\/prowincjawarszawska.pl\/wp-content\/uploads\/2023\/09\/16-WRZESNIA-2.jpg\",\"contentUrl\":\"https:\/\/prowincjawarszawska.pl\/wp-content\/uploads\/2023\/09\/16-WRZESNIA-2.jpg\",\"width\":1280,\"height\":720},{\"@type\":\"BreadcrumbList\",\"@id\":\"https:\/\/prowincjawarszawska.pl\/index.php\/2023\/09\/14\/uroczystosc-sw-zygmunta-szczesnego-felinskiego\/#breadcrumb\",\"itemListElement\":[{\"@type\":\"ListItem\",\"position\":1,\"name\":\"Strona g\u0142\u00f3wna\",\"item\":\"https:\/\/prowincjawarszawska.pl\/\"},{\"@type\":\"ListItem\",\"position\":2,\"name\":\"\u015aw. Zygmunt\",\"item\":\"https:\/\/prowincjawarszawska.pl\/index.php\/category\/sw-zygmunt\/\"},{\"@type\":\"ListItem\",\"position\":3,\"name\":\"UROCZYSTO\u015a\u0106 \u015aW. ZYGMUNTA SZCZ\u0118SNEGO FELI\u0143SKIEGO\"}]},{\"@type\":\"WebSite\",\"@id\":\"https:\/\/prowincjawarszawska.pl\/#website\",\"url\":\"https:\/\/prowincjawarszawska.pl\/\",\"name\":\"Zgromadzenie Si\u00f3str Franciszkanek Rodziny Maryi\",\"description\":\"Prowincja Warszawska\",\"publisher\":{\"@id\":\"https:\/\/prowincjawarszawska.pl\/#organization\"},\"potentialAction\":[{\"@type\":\"SearchAction\",\"target\":{\"@type\":\"EntryPoint\",\"urlTemplate\":\"https:\/\/prowincjawarszawska.pl\/?s={search_term_string}\"},\"query-input\":{\"@type\":\"PropertyValueSpecification\",\"valueRequired\":true,\"valueName\":\"search_term_string\"}}],\"inLanguage\":\"pl-PL\"},{\"@type\":\"Organization\",\"@id\":\"https:\/\/prowincjawarszawska.pl\/#organization\",\"name\":\"Zgromadzenie Si\u00f3str Franciszkanek Rodziny Maryi\",\"url\":\"https:\/\/prowincjawarszawska.pl\/\",\"logo\":{\"@type\":\"ImageObject\",\"inLanguage\":\"pl-PL\",\"@id\":\"https:\/\/prowincjawarszawska.pl\/#\/schema\/logo\/image\/\",\"url\":\"https:\/\/prowincjawarszawska.pl\/wp-content\/uploads\/2022\/06\/cropped-LogoSRM.jpg\",\"contentUrl\":\"https:\/\/prowincjawarszawska.pl\/wp-content\/uploads\/2022\/06\/cropped-LogoSRM.jpg\",\"width\":91,\"height\":91,\"caption\":\"Zgromadzenie Si\u00f3str Franciszkanek Rodziny Maryi\"},\"image\":{\"@id\":\"https:\/\/prowincjawarszawska.pl\/#\/schema\/logo\/image\/\"}},{\"@type\":\"Person\",\"@id\":\"https:\/\/prowincjawarszawska.pl\/#\/schema\/person\/b86f34f349ce4eae29f1ab3c78e3910b\",\"name\":\"Aleksandra Karczewska\",\"image\":{\"@type\":\"ImageObject\",\"inLanguage\":\"pl-PL\",\"@id\":\"https:\/\/prowincjawarszawska.pl\/#\/schema\/person\/image\/\",\"url\":\"https:\/\/secure.gravatar.com\/avatar\/7891ef3d8325464ab3feebf492ec89da478f648f7f748a1004bb29d295503a99?s=96&d=mm&r=g\",\"contentUrl\":\"https:\/\/secure.gravatar.com\/avatar\/7891ef3d8325464ab3feebf492ec89da478f648f7f748a1004bb29d295503a99?s=96&d=mm&r=g\",\"caption\":\"Aleksandra Karczewska\"},\"url\":\"https:\/\/prowincjawarszawska.pl\/index.php\/author\/s-aleksandra\/\"}]}<\/script>\n<!-- \/ Yoast SEO plugin. -->","yoast_head_json":{"title":"UROCZYSTO\u015a\u0106 \u015aW. ZYGMUNTA SZCZ\u0118SNEGO FELI\u0143SKIEGO - Zgromadzenie Si\u00f3str Franciszkanek Rodziny Maryi","robots":{"index":"index","follow":"follow","max-snippet":"max-snippet:-1","max-image-preview":"max-image-preview:large","max-video-preview":"max-video-preview:-1"},"canonical":"https:\/\/prowincjawarszawska.pl\/index.php\/2023\/09\/14\/uroczystosc-sw-zygmunta-szczesnego-felinskiego\/","og_locale":"pl_PL","og_type":"article","og_title":"UROCZYSTO\u015a\u0106 \u015aW. ZYGMUNTA SZCZ\u0118SNEGO FELI\u0143SKIEGO - Zgromadzenie Si\u00f3str Franciszkanek Rodziny Maryi","og_description":"17 wrze\u015bnia Siostry Franciszkanki Rodziny Maryi obchodz\u0105 Uroczysto\u015b\u0107 \u015awi\u0119tego Zygmunta Szcz\u0119snego Feli\u0144skiego &#8211; ich za\u0142o\u017cyciela. dlatego te\u017c zapraszamy wszystkich Jego czcicieli do Archikatedry Warszawskiej w sobot\u0119 16 wrze\u015bnia o godz. 11.00, gdzie zostanie odprawiona uroczysta Msza \u015bw. dzi\u0119kczynna za dar \u015bw. Zygmunta Szcz\u0119snego Feli\u0144skiego \u2013 Arcybiskupa Warszawskiego z pro\u015bb\u0105 o dobre i liczne powo\u0142ania do [&hellip;]","og_url":"https:\/\/prowincjawarszawska.pl\/index.php\/2023\/09\/14\/uroczystosc-sw-zygmunta-szczesnego-felinskiego\/","og_site_name":"Zgromadzenie Si\u00f3str Franciszkanek Rodziny Maryi","article_published_time":"2023-09-14T09:04:51+00:00","article_modified_time":"2023-09-14T09:06:19+00:00","og_image":[{"width":1280,"height":720,"url":"https:\/\/prowincjawarszawska.pl\/wp-content\/uploads\/2023\/09\/16-WRZESNIA-2.jpg","type":"image\/jpeg"}],"author":"Aleksandra Karczewska","twitter_card":"summary_large_image","twitter_misc":{"Napisane przez":"Aleksandra Karczewska","Szacowany czas czytania":"2 minuty"},"schema":{"@context":"https:\/\/schema.org","@graph":[{"@type":"Article","@id":"https:\/\/prowincjawarszawska.pl\/index.php\/2023\/09\/14\/uroczystosc-sw-zygmunta-szczesnego-felinskiego\/#article","isPartOf":{"@id":"https:\/\/prowincjawarszawska.pl\/index.php\/2023\/09\/14\/uroczystosc-sw-zygmunta-szczesnego-felinskiego\/"},"author":{"name":"Aleksandra Karczewska","@id":"https:\/\/prowincjawarszawska.pl\/#\/schema\/person\/b86f34f349ce4eae29f1ab3c78e3910b"},"headline":"UROCZYSTO\u015a\u0106 \u015aW. ZYGMUNTA SZCZ\u0118SNEGO FELI\u0143SKIEGO","datePublished":"2023-09-14T09:04:51+00:00","dateModified":"2023-09-14T09:06:19+00:00","mainEntityOfPage":{"@id":"https:\/\/prowincjawarszawska.pl\/index.php\/2023\/09\/14\/uroczystosc-sw-zygmunta-szczesnego-felinskiego\/"},"wordCount":179,"publisher":{"@id":"https:\/\/prowincjawarszawska.pl\/#organization"},"image":{"@id":"https:\/\/prowincjawarszawska.pl\/index.php\/2023\/09\/14\/uroczystosc-sw-zygmunta-szczesnego-felinskiego\/#primaryimage"},"thumbnailUrl":"https:\/\/prowincjawarszawska.pl\/wp-content\/uploads\/2023\/09\/16-WRZESNIA-2.jpg","articleSection":["\u015aw. Zygmunt"],"inLanguage":"pl-PL"},{"@type":"WebPage","@id":"https:\/\/prowincjawarszawska.pl\/index.php\/2023\/09\/14\/uroczystosc-sw-zygmunta-szczesnego-felinskiego\/","url":"https:\/\/prowincjawarszawska.pl\/index.php\/2023\/09\/14\/uroczystosc-sw-zygmunta-szczesnego-felinskiego\/","name":"UROCZYSTO\u015a\u0106 \u015aW. ZYGMUNTA SZCZ\u0118SNEGO FELI\u0143SKIEGO - Zgromadzenie Si\u00f3str Franciszkanek Rodziny Maryi","isPartOf":{"@id":"https:\/\/prowincjawarszawska.pl\/#website"},"primaryImageOfPage":{"@id":"https:\/\/prowincjawarszawska.pl\/index.php\/2023\/09\/14\/uroczystosc-sw-zygmunta-szczesnego-felinskiego\/#primaryimage"},"image":{"@id":"https:\/\/prowincjawarszawska.pl\/index.php\/2023\/09\/14\/uroczystosc-sw-zygmunta-szczesnego-felinskiego\/#primaryimage"},"thumbnailUrl":"https:\/\/prowincjawarszawska.pl\/wp-content\/uploads\/2023\/09\/16-WRZESNIA-2.jpg","datePublished":"2023-09-14T09:04:51+00:00","dateModified":"2023-09-14T09:06:19+00:00","breadcrumb":{"@id":"https:\/\/prowincjawarszawska.pl\/index.php\/2023\/09\/14\/uroczystosc-sw-zygmunta-szczesnego-felinskiego\/#breadcrumb"},"inLanguage":"pl-PL","potentialAction":[{"@type":"ReadAction","target":["https:\/\/prowincjawarszawska.pl\/index.php\/2023\/09\/14\/uroczystosc-sw-zygmunta-szczesnego-felinskiego\/"]}]},{"@type":"ImageObject","inLanguage":"pl-PL","@id":"https:\/\/prowincjawarszawska.pl\/index.php\/2023\/09\/14\/uroczystosc-sw-zygmunta-szczesnego-felinskiego\/#primaryimage","url":"https:\/\/prowincjawarszawska.pl\/wp-content\/uploads\/2023\/09\/16-WRZESNIA-2.jpg","contentUrl":"https:\/\/prowincjawarszawska.pl\/wp-content\/uploads\/2023\/09\/16-WRZESNIA-2.jpg","width":1280,"height":720},{"@type":"BreadcrumbList","@id":"https:\/\/prowincjawarszawska.pl\/index.php\/2023\/09\/14\/uroczystosc-sw-zygmunta-szczesnego-felinskiego\/#breadcrumb","itemListElement":[{"@type":"ListItem","position":1,"name":"Strona g\u0142\u00f3wna","item":"https:\/\/prowincjawarszawska.pl\/"},{"@type":"ListItem","position":2,"name":"\u015aw. Zygmunt","item":"https:\/\/prowincjawarszawska.pl\/index.php\/category\/sw-zygmunt\/"},{"@type":"ListItem","position":3,"name":"UROCZYSTO\u015a\u0106 \u015aW. ZYGMUNTA SZCZ\u0118SNEGO FELI\u0143SKIEGO"}]},{"@type":"WebSite","@id":"https:\/\/prowincjawarszawska.pl\/#website","url":"https:\/\/prowincjawarszawska.pl\/","name":"Zgromadzenie Si\u00f3str Franciszkanek Rodziny Maryi","description":"Prowincja Warszawska","publisher":{"@id":"https:\/\/prowincjawarszawska.pl\/#organization"},"potentialAction":[{"@type":"SearchAction","target":{"@type":"EntryPoint","urlTemplate":"https:\/\/prowincjawarszawska.pl\/?s={search_term_string}"},"query-input":{"@type":"PropertyValueSpecification","valueRequired":true,"valueName":"search_term_string"}}],"inLanguage":"pl-PL"},{"@type":"Organization","@id":"https:\/\/prowincjawarszawska.pl\/#organization","name":"Zgromadzenie Si\u00f3str Franciszkanek Rodziny Maryi","url":"https:\/\/prowincjawarszawska.pl\/","logo":{"@type":"ImageObject","inLanguage":"pl-PL","@id":"https:\/\/prowincjawarszawska.pl\/#\/schema\/logo\/image\/","url":"https:\/\/prowincjawarszawska.pl\/wp-content\/uploads\/2022\/06\/cropped-LogoSRM.jpg","contentUrl":"https:\/\/prowincjawarszawska.pl\/wp-content\/uploads\/2022\/06\/cropped-LogoSRM.jpg","width":91,"height":91,"caption":"Zgromadzenie Si\u00f3str Franciszkanek Rodziny Maryi"},"image":{"@id":"https:\/\/prowincjawarszawska.pl\/#\/schema\/logo\/image\/"}},{"@type":"Person","@id":"https:\/\/prowincjawarszawska.pl\/#\/schema\/person\/b86f34f349ce4eae29f1ab3c78e3910b","name":"Aleksandra Karczewska","image":{"@type":"ImageObject","inLanguage":"pl-PL","@id":"https:\/\/prowincjawarszawska.pl\/#\/schema\/person\/image\/","url":"https:\/\/secure.gravatar.com\/avatar\/7891ef3d8325464ab3feebf492ec89da478f648f7f748a1004bb29d295503a99?s=96&d=mm&r=g","contentUrl":"https:\/\/secure.gravatar.com\/avatar\/7891ef3d8325464ab3feebf492ec89da478f648f7f748a1004bb29d295503a99?s=96&d=mm&r=g","caption":"Aleksandra Karczewska"},"url":"https:\/\/prowincjawarszawska.pl\/index.php\/author\/s-aleksandra\/"}]}},"jetpack_featured_media_url":"https:\/\/prowincjawarszawska.pl\/wp-content\/uploads\/2023\/09\/16-WRZESNIA-2.jpg","jetpack_sharing_enabled":true,"_links":{"self":[{"href":"https:\/\/prowincjawarszawska.pl\/index.php\/wp-json\/wp\/v2\/posts\/1787","targetHints":{"allow":["GET"]}}],"collection":[{"href":"https:\/\/prowincjawarszawska.pl\/index.php\/wp-json\/wp\/v2\/posts"}],"about":[{"href":"https:\/\/prowincjawarszawska.pl\/index.php\/wp-json\/wp\/v2\/types\/post"}],"author":[{"embeddable":true,"href":"https:\/\/prowincjawarszawska.pl\/index.php\/wp-json\/wp\/v2\/users\/2"}],"replies":[{"embeddable":true,"href":"https:\/\/prowincjawarszawska.pl\/index.php\/wp-json\/wp\/v2\/comments?post=1787"}],"version-history":[{"count":2,"href":"https:\/\/prowincjawarszawska.pl\/index.php\/wp-json\/wp\/v2\/posts\/1787\/revisions"}],"predecessor-version":[{"id":1791,"href":"https:\/\/prowincjawarszawska.pl\/index.php\/wp-json\/wp\/v2\/posts\/1787\/revisions\/1791"}],"wp:featuredmedia":[{"embeddable":true,"href":"https:\/\/prowincjawarszawska.pl\/index.php\/wp-json\/wp\/v2\/media\/1789"}],"wp:attachment":[{"href":"https:\/\/prowincjawarszawska.pl\/index.php\/wp-json\/wp\/v2\/media?parent=1787"}],"wp:term":[{"taxonomy":"category","embeddable":true,"href":"https:\/\/prowincjawarszawska.pl\/index.php\/wp-json\/wp\/v2\/categories?post=1787"},{"taxonomy":"post_tag","embeddable":true,"href":"https:\/\/prowincjawarszawska.pl\/index.php\/wp-json\/wp\/v2\/tags?post=1787"}],"curies":[{"name":"wp","href":"https:\/\/api.w.org\/{rel}","templated":true}]}}