{"id":2683,"date":"2026-09-04T10:52:14","date_gmt":"2026-09-04T08:52:14","guid":{"rendered":"https:\/\/prowincjawarszawska.pl\/?p=2683"},"modified":"2026-09-04T10:55:31","modified_gmt":"2026-09-04T08:55:31","slug":"dni-skupienia-zapraszamy-10","status":"publish","type":"post","link":"https:\/\/prowincjawarszawska.pl\/index.php\/2026\/09\/04\/dni-skupienia-zapraszamy-10\/","title":{"rendered":"Dni skupienia &#8211; ZAPRASZAMY!"},"content":{"rendered":"<div class=\"xdj266r x14z9mp xat24cr x1lziwak x1vvkbs x126k92a\">\n<div dir=\"auto\">Dni skupienia &#8211; ZAPRASZAMY!<\/div>\n<div dir=\"auto\"><\/div>\n<\/div>\n<div class=\"x14z9mp xat24cr x1lziwak x1vvkbs xtlvy1s x126k92a\">\n<div dir=\"auto\">W dniach 2-4 pa\u017adziernika Siostry Franciszkanki Rodziny Maryi serdecznie zapraszaj\u0105 m\u0142ode kobiety w przedziale wiekowym 17-31 lat na dni skupienia z cyklu: &#8222;W g\u0142\u0105b tajemnicy Eucharystii&#8221;. B\u0119dziemy pochyla\u0107 si\u0119 nad najwi\u0119kszym darem jaki zostawi\u0142 nam Pan Jezus, by\u015bmy mog\u0142y dzi\u0119ki lepszemu zrozumieniu tej tajemnicy, wchodzi\u0107 w g\u0142\u0119bsz\u0105 relacj\u0119 z Nim, z samym sob\u0105 i drugim cz\u0142owiekiem.<\/div>\n<\/div>\n<div class=\"x14z9mp xat24cr x1lziwak x1vvkbs xtlvy1s x126k92a\">\n<div dir=\"auto\">Szczeg\u00f3\u0142owe informacje na plakacie. Zapisy rozpocz\u0119te <span class=\"html-span xexx8yu xyri2b x18d9i69 x1c1uobl x1hl2dhg x16tdsg8 x1vvkbs x3nfvp2 x1j61x8r x1fcty0u xdj266r xat24cr xm2jcoa x1mpyi22 xxymvpz xlup9mm x1kky2od\"><img loading=\"lazy\" decoding=\"async\" class=\"xz74otr x15mokao x1ga7v0g x16uus16 xbiv7yw\" src=\"https:\/\/static.xx.fbcdn.net\/images\/emoji.php\/v9\/t4c\/1\/16\/1f642.png\" alt=\"\ud83d\ude42\" width=\"16\" height=\"16\" \/><\/span><\/div>\n<\/div>\n<div class=\"x14z9mp xat24cr x1lziwak x1vvkbs xtlvy1s x126k92a\">\n<div dir=\"auto\">Czekamy na Was! <span class=\"html-span xexx8yu xyri2b x18d9i69 x1c1uobl x1hl2dhg x16tdsg8 x1vvkbs x3nfvp2 x1j61x8r x1fcty0u xdj266r xat24cr xm2jcoa x1mpyi22 xxymvpz xlup9mm x1kky2od\"><img loading=\"lazy\" decoding=\"async\" class=\"xz74otr x15mokao x1ga7v0g x16uus16 xbiv7yw\" src=\"https:\/\/static.xx.fbcdn.net\/images\/emoji.php\/v9\/t4c\/1\/16\/1f642.png\" alt=\"\ud83d\ude42\" width=\"16\" height=\"16\" \/><\/span><\/div>\n<\/div>\n\n\n<figure class=\"wp-block-image size-large is-resized\"><img loading=\"lazy\" decoding=\"async\" width=\"682\" height=\"1024\" src=\"http:\/\/prowincjawarszawska.pl\/wp-content\/uploads\/2026\/09\/e7033ddc-a582-4928-8350-a215928e79ac-682x1024.jpg\" alt=\"\" class=\"wp-image-2685\" style=\"width:467px;height:auto\" srcset=\"https:\/\/prowincjawarszawska.pl\/wp-content\/uploads\/2026\/09\/e7033ddc-a582-4928-8350-a215928e79ac-682x1024.jpg 682w, https:\/\/prowincjawarszawska.pl\/wp-content\/uploads\/2026\/09\/e7033ddc-a582-4928-8350-a215928e79ac-200x300.jpg 200w, https:\/\/prowincjawarszawska.pl\/wp-content\/uploads\/2026\/09\/e7033ddc-a582-4928-8350-a215928e79ac-768x1153.jpg 768w, https:\/\/prowincjawarszawska.pl\/wp-content\/uploads\/2026\/09\/e7033ddc-a582-4928-8350-a215928e79ac-1023x1536.jpg 1023w, https:\/\/prowincjawarszawska.pl\/wp-content\/uploads\/2026\/09\/e7033ddc-a582-4928-8350-a215928e79ac-600x901.jpg 600w, https:\/\/prowincjawarszawska.pl\/wp-content\/uploads\/2026\/09\/e7033ddc-a582-4928-8350-a215928e79ac.jpg 1080w\" sizes=\"auto, (max-width: 682px) 100vw, 682px\" \/><\/figure>\n","protected":false},"excerpt":{"rendered":"<p>Dni skupienia &#8211; ZAPRASZAMY! W dniach 2-4 pa\u017adziernika Siostry Franciszkanki Rodziny Maryi serdecznie zapraszaj\u0105 m\u0142ode kobiety w przedziale wiekowym 17-31 lat na dni skupienia z cyklu: &#8222;W g\u0142\u0105b tajemnicy Eucharystii&#8221;. B\u0119dziemy pochyla\u0107 si\u0119 nad najwi\u0119kszym darem jaki zostawi\u0142 nam Pan Jezus, by\u015bmy mog\u0142y dzi\u0119ki lepszemu zrozumieniu tej tajemnicy, wchodzi\u0107 w g\u0142\u0119bsz\u0105 relacj\u0119 z Nim, z [&hellip;]<\/p>\n","protected":false},"author":2,"featured_media":2685,"comment_status":"closed","ping_status":"open","sticky":false,"template":"","format":"standard","meta":{"_jetpack_memberships_contains_paid_content":false,"footnotes":""},"categories":[26],"tags":[],"class_list":["post-2683","post","type-post","status-publish","format-standard","has-post-thumbnail","hentry","category-zgromadzenie"],"yoast_head":"<!-- This site is optimized with the Yoast SEO plugin v24.5 - https:\/\/yoast.com\/wordpress\/plugins\/seo\/ -->\n<title>Dni skupienia - ZAPRASZAMY! - Zgromadzenie Si\u00f3str Franciszkanek Rodziny Maryi<\/title>\n<meta name=\"robots\" content=\"index, follow, max-snippet:-1, max-image-preview:large, max-video-preview:-1\" \/>\n<link rel=\"canonical\" href=\"https:\/\/prowincjawarszawska.pl\/index.php\/2026\/09\/04\/dni-skupienia-zapraszamy-10\/\" \/>\n<meta property=\"og:locale\" content=\"pl_PL\" \/>\n<meta property=\"og:type\" content=\"article\" \/>\n<meta property=\"og:title\" content=\"Dni skupienia - ZAPRASZAMY! - Zgromadzenie Si\u00f3str Franciszkanek Rodziny Maryi\" \/>\n<meta property=\"og:description\" content=\"Dni skupienia &#8211; ZAPRASZAMY! W dniach 2-4 pa\u017adziernika Siostry Franciszkanki Rodziny Maryi serdecznie zapraszaj\u0105 m\u0142ode kobiety w przedziale wiekowym 17-31 lat na dni skupienia z cyklu: &#8222;W g\u0142\u0105b tajemnicy Eucharystii&#8221;. B\u0119dziemy pochyla\u0107 si\u0119 nad najwi\u0119kszym darem jaki zostawi\u0142 nam Pan Jezus, by\u015bmy mog\u0142y dzi\u0119ki lepszemu zrozumieniu tej tajemnicy, wchodzi\u0107 w g\u0142\u0119bsz\u0105 relacj\u0119 z Nim, z [&hellip;]\" \/>\n<meta property=\"og:url\" content=\"https:\/\/prowincjawarszawska.pl\/index.php\/2026\/09\/04\/dni-skupienia-zapraszamy-10\/\" \/>\n<meta property=\"og:site_name\" content=\"Zgromadzenie Si\u00f3str Franciszkanek Rodziny Maryi\" \/>\n<meta property=\"article:published_time\" content=\"2026-09-04T08:52:14+00:00\" \/>\n<meta property=\"article:modified_time\" content=\"2026-09-04T08:55:31+00:00\" \/>\n<meta property=\"og:image\" content=\"http:\/\/prowincjawarszawska.pl\/wp-content\/uploads\/2026\/09\/e7033ddc-a582-4928-8350-a215928e79ac.jpg\" \/>\n\t<meta property=\"og:image:width\" content=\"1080\" \/>\n\t<meta property=\"og:image:height\" content=\"1621\" \/>\n\t<meta property=\"og:image:type\" content=\"image\/jpeg\" \/>\n<meta name=\"author\" content=\"Aleksandra Karczewska\" \/>\n<meta name=\"twitter:card\" content=\"summary_large_image\" \/>\n<meta name=\"twitter:label1\" content=\"Napisane przez\" \/>\n\t<meta name=\"twitter:data1\" content=\"Aleksandra Karczewska\" \/>\n\t<meta name=\"twitter:label2\" content=\"Szacowany czas czytania\" \/>\n\t<meta name=\"twitter:data2\" content=\"2 minuty\" \/>\n<script type=\"application\/ld+json\" class=\"yoast-schema-graph\">{\"@context\":\"https:\/\/schema.org\",\"@graph\":[{\"@type\":\"Article\",\"@id\":\"https:\/\/prowincjawarszawska.pl\/index.php\/2026\/09\/04\/dni-skupienia-zapraszamy-10\/#article\",\"isPartOf\":{\"@id\":\"https:\/\/prowincjawarszawska.pl\/index.php\/2026\/09\/04\/dni-skupienia-zapraszamy-10\/\"},\"author\":{\"name\":\"Aleksandra Karczewska\",\"@id\":\"https:\/\/prowincjawarszawska.pl\/#\/schema\/person\/b86f34f349ce4eae29f1ab3c78e3910b\"},\"headline\":\"Dni skupienia &#8211; ZAPRASZAMY!\",\"datePublished\":\"2026-09-04T08:52:14+00:00\",\"dateModified\":\"2026-09-04T08:55:31+00:00\",\"mainEntityOfPage\":{\"@id\":\"https:\/\/prowincjawarszawska.pl\/index.php\/2026\/09\/04\/dni-skupienia-zapraszamy-10\/\"},\"wordCount\":85,\"publisher\":{\"@id\":\"https:\/\/prowincjawarszawska.pl\/#organization\"},\"image\":{\"@id\":\"https:\/\/prowincjawarszawska.pl\/index.php\/2026\/09\/04\/dni-skupienia-zapraszamy-10\/#primaryimage\"},\"thumbnailUrl\":\"https:\/\/prowincjawarszawska.pl\/wp-content\/uploads\/2026\/09\/e7033ddc-a582-4928-8350-a215928e79ac.jpg\",\"articleSection\":[\"Zgromadzenie\"],\"inLanguage\":\"pl-PL\"},{\"@type\":\"WebPage\",\"@id\":\"https:\/\/prowincjawarszawska.pl\/index.php\/2026\/09\/04\/dni-skupienia-zapraszamy-10\/\",\"url\":\"https:\/\/prowincjawarszawska.pl\/index.php\/2026\/09\/04\/dni-skupienia-zapraszamy-10\/\",\"name\":\"Dni skupienia - ZAPRASZAMY! - Zgromadzenie Si\u00f3str Franciszkanek Rodziny Maryi\",\"isPartOf\":{\"@id\":\"https:\/\/prowincjawarszawska.pl\/#website\"},\"primaryImageOfPage\":{\"@id\":\"https:\/\/prowincjawarszawska.pl\/index.php\/2026\/09\/04\/dni-skupienia-zapraszamy-10\/#primaryimage\"},\"image\":{\"@id\":\"https:\/\/prowincjawarszawska.pl\/index.php\/2026\/09\/04\/dni-skupienia-zapraszamy-10\/#primaryimage\"},\"thumbnailUrl\":\"https:\/\/prowincjawarszawska.pl\/wp-content\/uploads\/2026\/09\/e7033ddc-a582-4928-8350-a215928e79ac.jpg\",\"datePublished\":\"2026-09-04T08:52:14+00:00\",\"dateModified\":\"2026-09-04T08:55:31+00:00\",\"breadcrumb\":{\"@id\":\"https:\/\/prowincjawarszawska.pl\/index.php\/2026\/09\/04\/dni-skupienia-zapraszamy-10\/#breadcrumb\"},\"inLanguage\":\"pl-PL\",\"potentialAction\":[{\"@type\":\"ReadAction\",\"target\":[\"https:\/\/prowincjawarszawska.pl\/index.php\/2026\/09\/04\/dni-skupienia-zapraszamy-10\/\"]}]},{\"@type\":\"ImageObject\",\"inLanguage\":\"pl-PL\",\"@id\":\"https:\/\/prowincjawarszawska.pl\/index.php\/2026\/09\/04\/dni-skupienia-zapraszamy-10\/#primaryimage\",\"url\":\"https:\/\/prowincjawarszawska.pl\/wp-content\/uploads\/2026\/09\/e7033ddc-a582-4928-8350-a215928e79ac.jpg\",\"contentUrl\":\"https:\/\/prowincjawarszawska.pl\/wp-content\/uploads\/2026\/09\/e7033ddc-a582-4928-8350-a215928e79ac.jpg\",\"width\":1080,\"height\":1621},{\"@type\":\"BreadcrumbList\",\"@id\":\"https:\/\/prowincjawarszawska.pl\/index.php\/2026\/09\/04\/dni-skupienia-zapraszamy-10\/#breadcrumb\",\"itemListElement\":[{\"@type\":\"ListItem\",\"position\":1,\"name\":\"Strona g\u0142\u00f3wna\",\"item\":\"https:\/\/prowincjawarszawska.pl\/\"},{\"@type\":\"ListItem\",\"position\":2,\"name\":\"Zgromadzenie\",\"item\":\"https:\/\/prowincjawarszawska.pl\/index.php\/category\/zgromadzenie\/\"},{\"@type\":\"ListItem\",\"position\":3,\"name\":\"Dni skupienia &#8211; ZAPRASZAMY!\"}]},{\"@type\":\"WebSite\",\"@id\":\"https:\/\/prowincjawarszawska.pl\/#website\",\"url\":\"https:\/\/prowincjawarszawska.pl\/\",\"name\":\"Zgromadzenie Si\u00f3str Franciszkanek Rodziny Maryi\",\"description\":\"Prowincja Warszawska\",\"publisher\":{\"@id\":\"https:\/\/prowincjawarszawska.pl\/#organization\"},\"potentialAction\":[{\"@type\":\"SearchAction\",\"target\":{\"@type\":\"EntryPoint\",\"urlTemplate\":\"https:\/\/prowincjawarszawska.pl\/?s={search_term_string}\"},\"query-input\":{\"@type\":\"PropertyValueSpecification\",\"valueRequired\":true,\"valueName\":\"search_term_string\"}}],\"inLanguage\":\"pl-PL\"},{\"@type\":\"Organization\",\"@id\":\"https:\/\/prowincjawarszawska.pl\/#organization\",\"name\":\"Zgromadzenie Si\u00f3str Franciszkanek Rodziny Maryi\",\"url\":\"https:\/\/prowincjawarszawska.pl\/\",\"logo\":{\"@type\":\"ImageObject\",\"inLanguage\":\"pl-PL\",\"@id\":\"https:\/\/prowincjawarszawska.pl\/#\/schema\/logo\/image\/\",\"url\":\"https:\/\/prowincjawarszawska.pl\/wp-content\/uploads\/2022\/06\/cropped-LogoSRM.jpg\",\"contentUrl\":\"https:\/\/prowincjawarszawska.pl\/wp-content\/uploads\/2022\/06\/cropped-LogoSRM.jpg\",\"width\":91,\"height\":91,\"caption\":\"Zgromadzenie Si\u00f3str Franciszkanek Rodziny Maryi\"},\"image\":{\"@id\":\"https:\/\/prowincjawarszawska.pl\/#\/schema\/logo\/image\/\"}},{\"@type\":\"Person\",\"@id\":\"https:\/\/prowincjawarszawska.pl\/#\/schema\/person\/b86f34f349ce4eae29f1ab3c78e3910b\",\"name\":\"Aleksandra Karczewska\",\"image\":{\"@type\":\"ImageObject\",\"inLanguage\":\"pl-PL\",\"@id\":\"https:\/\/prowincjawarszawska.pl\/#\/schema\/person\/image\/\",\"url\":\"https:\/\/secure.gravatar.com\/avatar\/7891ef3d8325464ab3feebf492ec89da478f648f7f748a1004bb29d295503a99?s=96&d=mm&r=g\",\"contentUrl\":\"https:\/\/secure.gravatar.com\/avatar\/7891ef3d8325464ab3feebf492ec89da478f648f7f748a1004bb29d295503a99?s=96&d=mm&r=g\",\"caption\":\"Aleksandra Karczewska\"},\"url\":\"https:\/\/prowincjawarszawska.pl\/index.php\/author\/s-aleksandra\/\"}]}<\/script>\n<!-- \/ Yoast SEO plugin. -->","yoast_head_json":{"title":"Dni skupienia - ZAPRASZAMY! - Zgromadzenie Si\u00f3str Franciszkanek Rodziny Maryi","robots":{"index":"index","follow":"follow","max-snippet":"max-snippet:-1","max-image-preview":"max-image-preview:large","max-video-preview":"max-video-preview:-1"},"canonical":"https:\/\/prowincjawarszawska.pl\/index.php\/2026\/09\/04\/dni-skupienia-zapraszamy-10\/","og_locale":"pl_PL","og_type":"article","og_title":"Dni skupienia - ZAPRASZAMY! - Zgromadzenie Si\u00f3str Franciszkanek Rodziny Maryi","og_description":"Dni skupienia &#8211; ZAPRASZAMY! W dniach 2-4 pa\u017adziernika Siostry Franciszkanki Rodziny Maryi serdecznie zapraszaj\u0105 m\u0142ode kobiety w przedziale wiekowym 17-31 lat na dni skupienia z cyklu: &#8222;W g\u0142\u0105b tajemnicy Eucharystii&#8221;. B\u0119dziemy pochyla\u0107 si\u0119 nad najwi\u0119kszym darem jaki zostawi\u0142 nam Pan Jezus, by\u015bmy mog\u0142y dzi\u0119ki lepszemu zrozumieniu tej tajemnicy, wchodzi\u0107 w g\u0142\u0119bsz\u0105 relacj\u0119 z Nim, z [&hellip;]","og_url":"https:\/\/prowincjawarszawska.pl\/index.php\/2026\/09\/04\/dni-skupienia-zapraszamy-10\/","og_site_name":"Zgromadzenie Si\u00f3str Franciszkanek Rodziny Maryi","article_published_time":"2026-09-04T08:52:14+00:00","article_modified_time":"2026-09-04T08:55:31+00:00","og_image":[{"width":1080,"height":1621,"url":"http:\/\/prowincjawarszawska.pl\/wp-content\/uploads\/2026\/09\/e7033ddc-a582-4928-8350-a215928e79ac.jpg","type":"image\/jpeg"}],"author":"Aleksandra Karczewska","twitter_card":"summary_large_image","twitter_misc":{"Napisane przez":"Aleksandra Karczewska","Szacowany czas czytania":"2 minuty"},"schema":{"@context":"https:\/\/schema.org","@graph":[{"@type":"Article","@id":"https:\/\/prowincjawarszawska.pl\/index.php\/2026\/09\/04\/dni-skupienia-zapraszamy-10\/#article","isPartOf":{"@id":"https:\/\/prowincjawarszawska.pl\/index.php\/2026\/09\/04\/dni-skupienia-zapraszamy-10\/"},"author":{"name":"Aleksandra Karczewska","@id":"https:\/\/prowincjawarszawska.pl\/#\/schema\/person\/b86f34f349ce4eae29f1ab3c78e3910b"},"headline":"Dni skupienia &#8211; ZAPRASZAMY!","datePublished":"2026-09-04T08:52:14+00:00","dateModified":"2026-09-04T08:55:31+00:00","mainEntityOfPage":{"@id":"https:\/\/prowincjawarszawska.pl\/index.php\/2026\/09\/04\/dni-skupienia-zapraszamy-10\/"},"wordCount":85,"publisher":{"@id":"https:\/\/prowincjawarszawska.pl\/#organization"},"image":{"@id":"https:\/\/prowincjawarszawska.pl\/index.php\/2026\/09\/04\/dni-skupienia-zapraszamy-10\/#primaryimage"},"thumbnailUrl":"https:\/\/prowincjawarszawska.pl\/wp-content\/uploads\/2026\/09\/e7033ddc-a582-4928-8350-a215928e79ac.jpg","articleSection":["Zgromadzenie"],"inLanguage":"pl-PL"},{"@type":"WebPage","@id":"https:\/\/prowincjawarszawska.pl\/index.php\/2026\/09\/04\/dni-skupienia-zapraszamy-10\/","url":"https:\/\/prowincjawarszawska.pl\/index.php\/2026\/09\/04\/dni-skupienia-zapraszamy-10\/","name":"Dni skupienia - ZAPRASZAMY! - Zgromadzenie Si\u00f3str Franciszkanek Rodziny Maryi","isPartOf":{"@id":"https:\/\/prowincjawarszawska.pl\/#website"},"primaryImageOfPage":{"@id":"https:\/\/prowincjawarszawska.pl\/index.php\/2026\/09\/04\/dni-skupienia-zapraszamy-10\/#primaryimage"},"image":{"@id":"https:\/\/prowincjawarszawska.pl\/index.php\/2026\/09\/04\/dni-skupienia-zapraszamy-10\/#primaryimage"},"thumbnailUrl":"https:\/\/prowincjawarszawska.pl\/wp-content\/uploads\/2026\/09\/e7033ddc-a582-4928-8350-a215928e79ac.jpg","datePublished":"2026-09-04T08:52:14+00:00","dateModified":"2026-09-04T08:55:31+00:00","breadcrumb":{"@id":"https:\/\/prowincjawarszawska.pl\/index.php\/2026\/09\/04\/dni-skupienia-zapraszamy-10\/#breadcrumb"},"inLanguage":"pl-PL","potentialAction":[{"@type":"ReadAction","target":["https:\/\/prowincjawarszawska.pl\/index.php\/2026\/09\/04\/dni-skupienia-zapraszamy-10\/"]}]},{"@type":"ImageObject","inLanguage":"pl-PL","@id":"https:\/\/prowincjawarszawska.pl\/index.php\/2026\/09\/04\/dni-skupienia-zapraszamy-10\/#primaryimage","url":"https:\/\/prowincjawarszawska.pl\/wp-content\/uploads\/2026\/09\/e7033ddc-a582-4928-8350-a215928e79ac.jpg","contentUrl":"https:\/\/prowincjawarszawska.pl\/wp-content\/uploads\/2026\/09\/e7033ddc-a582-4928-8350-a215928e79ac.jpg","width":1080,"height":1621},{"@type":"BreadcrumbList","@id":"https:\/\/prowincjawarszawska.pl\/index.php\/2026\/09\/04\/dni-skupienia-zapraszamy-10\/#breadcrumb","itemListElement":[{"@type":"ListItem","position":1,"name":"Strona g\u0142\u00f3wna","item":"https:\/\/prowincjawarszawska.pl\/"},{"@type":"ListItem","position":2,"name":"Zgromadzenie","item":"https:\/\/prowincjawarszawska.pl\/index.php\/category\/zgromadzenie\/"},{"@type":"ListItem","position":3,"name":"Dni skupienia &#8211; ZAPRASZAMY!"}]},{"@type":"WebSite","@id":"https:\/\/prowincjawarszawska.pl\/#website","url":"https:\/\/prowincjawarszawska.pl\/","name":"Zgromadzenie Si\u00f3str Franciszkanek Rodziny Maryi","description":"Prowincja Warszawska","publisher":{"@id":"https:\/\/prowincjawarszawska.pl\/#organization"},"potentialAction":[{"@type":"SearchAction","target":{"@type":"EntryPoint","urlTemplate":"https:\/\/prowincjawarszawska.pl\/?s={search_term_string}"},"query-input":{"@type":"PropertyValueSpecification","valueRequired":true,"valueName":"search_term_string"}}],"inLanguage":"pl-PL"},{"@type":"Organization","@id":"https:\/\/prowincjawarszawska.pl\/#organization","name":"Zgromadzenie Si\u00f3str Franciszkanek Rodziny Maryi","url":"https:\/\/prowincjawarszawska.pl\/","logo":{"@type":"ImageObject","inLanguage":"pl-PL","@id":"https:\/\/prowincjawarszawska.pl\/#\/schema\/logo\/image\/","url":"https:\/\/prowincjawarszawska.pl\/wp-content\/uploads\/2022\/06\/cropped-LogoSRM.jpg","contentUrl":"https:\/\/prowincjawarszawska.pl\/wp-content\/uploads\/2022\/06\/cropped-LogoSRM.jpg","width":91,"height":91,"caption":"Zgromadzenie Si\u00f3str Franciszkanek Rodziny Maryi"},"image":{"@id":"https:\/\/prowincjawarszawska.pl\/#\/schema\/logo\/image\/"}},{"@type":"Person","@id":"https:\/\/prowincjawarszawska.pl\/#\/schema\/person\/b86f34f349ce4eae29f1ab3c78e3910b","name":"Aleksandra Karczewska","image":{"@type":"ImageObject","inLanguage":"pl-PL","@id":"https:\/\/prowincjawarszawska.pl\/#\/schema\/person\/image\/","url":"https:\/\/secure.gravatar.com\/avatar\/7891ef3d8325464ab3feebf492ec89da478f648f7f748a1004bb29d295503a99?s=96&d=mm&r=g","contentUrl":"https:\/\/secure.gravatar.com\/avatar\/7891ef3d8325464ab3feebf492ec89da478f648f7f748a1004bb29d295503a99?s=96&d=mm&r=g","caption":"Aleksandra Karczewska"},"url":"https:\/\/prowincjawarszawska.pl\/index.php\/author\/s-aleksandra\/"}]}},"jetpack_featured_media_url":"https:\/\/prowincjawarszawska.pl\/wp-content\/uploads\/2026\/09\/e7033ddc-a582-4928-8350-a215928e79ac.jpg","jetpack_sharing_enabled":true,"_links":{"self":[{"href":"https:\/\/prowincjawarszawska.pl\/index.php\/wp-json\/wp\/v2\/posts\/2683","targetHints":{"allow":["GET"]}}],"collection":[{"href":"https:\/\/prowincjawarszawska.pl\/index.php\/wp-json\/wp\/v2\/posts"}],"about":[{"href":"https:\/\/prowincjawarszawska.pl\/index.php\/wp-json\/wp\/v2\/types\/post"}],"author":[{"embeddable":true,"href":"https:\/\/prowincjawarszawska.pl\/index.php\/wp-json\/wp\/v2\/users\/2"}],"replies":[{"embeddable":true,"href":"https:\/\/prowincjawarszawska.pl\/index.php\/wp-json\/wp\/v2\/comments?post=2683"}],"version-history":[{"count":2,"href":"https:\/\/prowincjawarszawska.pl\/index.php\/wp-json\/wp\/v2\/posts\/2683\/revisions"}],"predecessor-version":[{"id":2687,"href":"https:\/\/prowincjawarszawska.pl\/index.php\/wp-json\/wp\/v2\/posts\/2683\/revisions\/2687"}],"wp:featuredmedia":[{"embeddable":true,"href":"https:\/\/prowincjawarszawska.pl\/index.php\/wp-json\/wp\/v2\/media\/2685"}],"wp:attachment":[{"href":"https:\/\/prowincjawarszawska.pl\/index.php\/wp-json\/wp\/v2\/media?parent=2683"}],"wp:term":[{"taxonomy":"category","embeddable":true,"href":"https:\/\/prowincjawarszawska.pl\/index.php\/wp-json\/wp\/v2\/categories?post=2683"},{"taxonomy":"post_tag","embeddable":true,"href":"https:\/\/prowincjawarszawska.pl\/index.php\/wp-json\/wp\/v2\/tags?post=2683"}],"curies":[{"name":"wp","href":"https:\/\/api.w.org\/{rel}","templated":true}]}}