{"id":473,"date":"2021-12-25T00:01:47","date_gmt":"2021-12-24T23:01:47","guid":{"rendered":"http:\/\/prowincjawarszawska.pl\/?p=473"},"modified":"2022-01-10T14:01:22","modified_gmt":"2022-01-10T13:01:22","slug":"uroczystosc-bozego-narodzenia","status":"publish","type":"post","link":"https:\/\/prowincjawarszawska.pl\/index.php\/2021\/12\/25\/uroczystosc-bozego-narodzenia\/","title":{"rendered":"UROCZYSTO\u015a\u0106 BO\u017bEGO NARODZENIA"},"content":{"rendered":"<p><strong><em>\u201ePo za\u015blubinach Matki Jego, Maryi, z J\u00f3zefem, wpierw nim zamieszkali razem, znalaz\u0142a si\u0119 brzemienn\u0105 za spraw\u0105 Ducha \u015awi\u0119tego.\u201d Mt 1, 18<\/em><\/strong><\/p>\n<p>Dzisiejsza Ewangelia pokazuje nam, i\u017c ka\u017cdy cz\u0142owiek, kt\u00f3ry daje si\u0119 prowadzi\u0107 Duchowi \u015awi\u0119temu, mo\u017ce by\u0107, jak Maryja, brzemienny w S\u0142owo Bo\u017ce i rodzi\u0107 Chrystusa dla innych. Otw\u00f3rzmy serca na Jego dzia\u0142anie i wo\u0142ajmy \u2013 rozpal nas Duchu \u015awi\u0119ty!<\/p>\n\n\n<figure class=\"wp-block-gallery columns-1 is-cropped wp-block-gallery-1 is-layout-flex wp-block-gallery-is-layout-flex\"><ul class=\"blocks-gallery-grid\"><li class=\"blocks-gallery-item\"><figure><img loading=\"lazy\" decoding=\"async\" width=\"1024\" height=\"576\" src=\"http:\/\/prowincjawarszawska.pl\/wp-content\/uploads\/2022\/01\/Boze-Narodzenie-2021-1024x576.jpg\" alt=\"\" data-id=\"477\" data-full-url=\"http:\/\/prowincjawarszawska.pl\/wp-content\/uploads\/2022\/01\/Boze-Narodzenie-2021.jpg\" data-link=\"http:\/\/prowincjawarszawska.pl\/index.php\/2021\/12\/25\/uroczystosc-bozego-narodzenia\/boze-narodzenie-2021-2\/\" class=\"wp-image-477\" srcset=\"https:\/\/prowincjawarszawska.pl\/wp-content\/uploads\/2022\/01\/Boze-Narodzenie-2021-1024x576.jpg 1024w, https:\/\/prowincjawarszawska.pl\/wp-content\/uploads\/2022\/01\/Boze-Narodzenie-2021-600x338.jpg 600w, https:\/\/prowincjawarszawska.pl\/wp-content\/uploads\/2022\/01\/Boze-Narodzenie-2021-300x169.jpg 300w, https:\/\/prowincjawarszawska.pl\/wp-content\/uploads\/2022\/01\/Boze-Narodzenie-2021-768x432.jpg 768w, https:\/\/prowincjawarszawska.pl\/wp-content\/uploads\/2022\/01\/Boze-Narodzenie-2021.jpg 1280w\" sizes=\"auto, (max-width: 1024px) 100vw, 1024px\" \/><\/figure><\/li><\/ul><\/figure>\n","protected":false},"excerpt":{"rendered":"<p>\u201ePo za\u015blubinach Matki Jego, Maryi, z J\u00f3zefem, wpierw nim zamieszkali razem, znalaz\u0142a si\u0119 brzemienn\u0105 za spraw\u0105 Ducha \u015awi\u0119tego.\u201d Mt 1, 18 Dzisiejsza Ewangelia pokazuje nam, i\u017c ka\u017cdy cz\u0142owiek, kt\u00f3ry daje si\u0119 prowadzi\u0107 Duchowi \u015awi\u0119temu, mo\u017ce by\u0107, jak Maryja, brzemienny w S\u0142owo Bo\u017ce i rodzi\u0107 Chrystusa dla innych. Otw\u00f3rzmy serca na Jego dzia\u0142anie i wo\u0142ajmy \u2013 [&hellip;]<\/p>\n","protected":false},"author":2,"featured_media":0,"comment_status":"closed","ping_status":"open","sticky":false,"template":"","format":"standard","meta":{"_jetpack_memberships_contains_paid_content":false,"footnotes":""},"categories":[2],"tags":[],"class_list":["post-473","post","type-post","status-publish","format-standard","hentry","category-aktualnosci"],"yoast_head":"<!-- This site is optimized with the Yoast SEO plugin v24.5 - https:\/\/yoast.com\/wordpress\/plugins\/seo\/ -->\n<title>UROCZYSTO\u015a\u0106 BO\u017bEGO NARODZENIA - Zgromadzenie Si\u00f3str Franciszkanek Rodziny Maryi<\/title>\n<meta name=\"robots\" content=\"index, follow, max-snippet:-1, max-image-preview:large, max-video-preview:-1\" \/>\n<link rel=\"canonical\" href=\"https:\/\/prowincjawarszawska.pl\/index.php\/2021\/12\/25\/uroczystosc-bozego-narodzenia\/\" \/>\n<meta property=\"og:locale\" content=\"pl_PL\" \/>\n<meta property=\"og:type\" content=\"article\" \/>\n<meta property=\"og:title\" content=\"UROCZYSTO\u015a\u0106 BO\u017bEGO NARODZENIA - Zgromadzenie Si\u00f3str Franciszkanek Rodziny Maryi\" \/>\n<meta property=\"og:description\" content=\"\u201ePo za\u015blubinach Matki Jego, Maryi, z J\u00f3zefem, wpierw nim zamieszkali razem, znalaz\u0142a si\u0119 brzemienn\u0105 za spraw\u0105 Ducha \u015awi\u0119tego.\u201d Mt 1, 18 Dzisiejsza Ewangelia pokazuje nam, i\u017c ka\u017cdy cz\u0142owiek, kt\u00f3ry daje si\u0119 prowadzi\u0107 Duchowi \u015awi\u0119temu, mo\u017ce by\u0107, jak Maryja, brzemienny w S\u0142owo Bo\u017ce i rodzi\u0107 Chrystusa dla innych. Otw\u00f3rzmy serca na Jego dzia\u0142anie i wo\u0142ajmy \u2013 [&hellip;]\" \/>\n<meta property=\"og:url\" content=\"https:\/\/prowincjawarszawska.pl\/index.php\/2021\/12\/25\/uroczystosc-bozego-narodzenia\/\" \/>\n<meta property=\"og:site_name\" content=\"Zgromadzenie Si\u00f3str Franciszkanek Rodziny Maryi\" \/>\n<meta property=\"article:published_time\" content=\"2021-12-24T23:01:47+00:00\" \/>\n<meta property=\"article:modified_time\" content=\"2022-01-10T13:01:22+00:00\" \/>\n<meta property=\"og:image\" content=\"http:\/\/prowincjawarszawska.pl\/wp-content\/uploads\/2022\/01\/Boze-Narodzenie-2021-1024x576.jpg\" \/>\n<meta name=\"author\" content=\"Aleksandra Karczewska\" \/>\n<meta name=\"twitter:card\" content=\"summary_large_image\" \/>\n<meta name=\"twitter:label1\" content=\"Napisane przez\" \/>\n\t<meta name=\"twitter:data1\" content=\"Aleksandra Karczewska\" \/>\n\t<meta name=\"twitter:label2\" content=\"Szacowany czas czytania\" \/>\n\t<meta name=\"twitter:data2\" content=\"1 minuta\" \/>\n<script type=\"application\/ld+json\" class=\"yoast-schema-graph\">{\"@context\":\"https:\/\/schema.org\",\"@graph\":[{\"@type\":\"Article\",\"@id\":\"https:\/\/prowincjawarszawska.pl\/index.php\/2021\/12\/25\/uroczystosc-bozego-narodzenia\/#article\",\"isPartOf\":{\"@id\":\"https:\/\/prowincjawarszawska.pl\/index.php\/2021\/12\/25\/uroczystosc-bozego-narodzenia\/\"},\"author\":{\"name\":\"Aleksandra Karczewska\",\"@id\":\"https:\/\/prowincjawarszawska.pl\/#\/schema\/person\/b86f34f349ce4eae29f1ab3c78e3910b\"},\"headline\":\"UROCZYSTO\u015a\u0106 BO\u017bEGO NARODZENIA\",\"datePublished\":\"2021-12-24T23:01:47+00:00\",\"dateModified\":\"2022-01-10T13:01:22+00:00\",\"mainEntityOfPage\":{\"@id\":\"https:\/\/prowincjawarszawska.pl\/index.php\/2021\/12\/25\/uroczystosc-bozego-narodzenia\/\"},\"wordCount\":75,\"publisher\":{\"@id\":\"https:\/\/prowincjawarszawska.pl\/#organization\"},\"image\":{\"@id\":\"https:\/\/prowincjawarszawska.pl\/index.php\/2021\/12\/25\/uroczystosc-bozego-narodzenia\/#primaryimage\"},\"thumbnailUrl\":\"http:\/\/prowincjawarszawska.pl\/wp-content\/uploads\/2022\/01\/Boze-Narodzenie-2021-1024x576.jpg\",\"articleSection\":[\"Aktualno\u015bci\"],\"inLanguage\":\"pl-PL\"},{\"@type\":\"WebPage\",\"@id\":\"https:\/\/prowincjawarszawska.pl\/index.php\/2021\/12\/25\/uroczystosc-bozego-narodzenia\/\",\"url\":\"https:\/\/prowincjawarszawska.pl\/index.php\/2021\/12\/25\/uroczystosc-bozego-narodzenia\/\",\"name\":\"UROCZYSTO\u015a\u0106 BO\u017bEGO NARODZENIA - Zgromadzenie Si\u00f3str Franciszkanek Rodziny Maryi\",\"isPartOf\":{\"@id\":\"https:\/\/prowincjawarszawska.pl\/#website\"},\"primaryImageOfPage\":{\"@id\":\"https:\/\/prowincjawarszawska.pl\/index.php\/2021\/12\/25\/uroczystosc-bozego-narodzenia\/#primaryimage\"},\"image\":{\"@id\":\"https:\/\/prowincjawarszawska.pl\/index.php\/2021\/12\/25\/uroczystosc-bozego-narodzenia\/#primaryimage\"},\"thumbnailUrl\":\"http:\/\/prowincjawarszawska.pl\/wp-content\/uploads\/2022\/01\/Boze-Narodzenie-2021-1024x576.jpg\",\"datePublished\":\"2021-12-24T23:01:47+00:00\",\"dateModified\":\"2022-01-10T13:01:22+00:00\",\"breadcrumb\":{\"@id\":\"https:\/\/prowincjawarszawska.pl\/index.php\/2021\/12\/25\/uroczystosc-bozego-narodzenia\/#breadcrumb\"},\"inLanguage\":\"pl-PL\",\"potentialAction\":[{\"@type\":\"ReadAction\",\"target\":[\"https:\/\/prowincjawarszawska.pl\/index.php\/2021\/12\/25\/uroczystosc-bozego-narodzenia\/\"]}]},{\"@type\":\"ImageObject\",\"inLanguage\":\"pl-PL\",\"@id\":\"https:\/\/prowincjawarszawska.pl\/index.php\/2021\/12\/25\/uroczystosc-bozego-narodzenia\/#primaryimage\",\"url\":\"https:\/\/prowincjawarszawska.pl\/wp-content\/uploads\/2022\/01\/Boze-Narodzenie-2021.jpg\",\"contentUrl\":\"https:\/\/prowincjawarszawska.pl\/wp-content\/uploads\/2022\/01\/Boze-Narodzenie-2021.jpg\",\"width\":1280,\"height\":720},{\"@type\":\"BreadcrumbList\",\"@id\":\"https:\/\/prowincjawarszawska.pl\/index.php\/2021\/12\/25\/uroczystosc-bozego-narodzenia\/#breadcrumb\",\"itemListElement\":[{\"@type\":\"ListItem\",\"position\":1,\"name\":\"Strona g\u0142\u00f3wna\",\"item\":\"https:\/\/prowincjawarszawska.pl\/\"},{\"@type\":\"ListItem\",\"position\":2,\"name\":\"Aktualno\u015bci\",\"item\":\"https:\/\/prowincjawarszawska.pl\/index.php\/category\/aktualnosci\/\"},{\"@type\":\"ListItem\",\"position\":3,\"name\":\"UROCZYSTO\u015a\u0106 BO\u017bEGO NARODZENIA\"}]},{\"@type\":\"WebSite\",\"@id\":\"https:\/\/prowincjawarszawska.pl\/#website\",\"url\":\"https:\/\/prowincjawarszawska.pl\/\",\"name\":\"Zgromadzenie Si\u00f3str Franciszkanek Rodziny Maryi\",\"description\":\"Prowincja Warszawska\",\"publisher\":{\"@id\":\"https:\/\/prowincjawarszawska.pl\/#organization\"},\"potentialAction\":[{\"@type\":\"SearchAction\",\"target\":{\"@type\":\"EntryPoint\",\"urlTemplate\":\"https:\/\/prowincjawarszawska.pl\/?s={search_term_string}\"},\"query-input\":{\"@type\":\"PropertyValueSpecification\",\"valueRequired\":true,\"valueName\":\"search_term_string\"}}],\"inLanguage\":\"pl-PL\"},{\"@type\":\"Organization\",\"@id\":\"https:\/\/prowincjawarszawska.pl\/#organization\",\"name\":\"Zgromadzenie Si\u00f3str Franciszkanek Rodziny Maryi\",\"url\":\"https:\/\/prowincjawarszawska.pl\/\",\"logo\":{\"@type\":\"ImageObject\",\"inLanguage\":\"pl-PL\",\"@id\":\"https:\/\/prowincjawarszawska.pl\/#\/schema\/logo\/image\/\",\"url\":\"https:\/\/prowincjawarszawska.pl\/wp-content\/uploads\/2022\/06\/cropped-LogoSRM.jpg\",\"contentUrl\":\"https:\/\/prowincjawarszawska.pl\/wp-content\/uploads\/2022\/06\/cropped-LogoSRM.jpg\",\"width\":91,\"height\":91,\"caption\":\"Zgromadzenie Si\u00f3str Franciszkanek Rodziny Maryi\"},\"image\":{\"@id\":\"https:\/\/prowincjawarszawska.pl\/#\/schema\/logo\/image\/\"}},{\"@type\":\"Person\",\"@id\":\"https:\/\/prowincjawarszawska.pl\/#\/schema\/person\/b86f34f349ce4eae29f1ab3c78e3910b\",\"name\":\"Aleksandra Karczewska\",\"image\":{\"@type\":\"ImageObject\",\"inLanguage\":\"pl-PL\",\"@id\":\"https:\/\/prowincjawarszawska.pl\/#\/schema\/person\/image\/\",\"url\":\"https:\/\/secure.gravatar.com\/avatar\/7891ef3d8325464ab3feebf492ec89da478f648f7f748a1004bb29d295503a99?s=96&d=mm&r=g\",\"contentUrl\":\"https:\/\/secure.gravatar.com\/avatar\/7891ef3d8325464ab3feebf492ec89da478f648f7f748a1004bb29d295503a99?s=96&d=mm&r=g\",\"caption\":\"Aleksandra Karczewska\"},\"url\":\"https:\/\/prowincjawarszawska.pl\/index.php\/author\/s-aleksandra\/\"}]}<\/script>\n<!-- \/ Yoast SEO plugin. -->","yoast_head_json":{"title":"UROCZYSTO\u015a\u0106 BO\u017bEGO NARODZENIA - Zgromadzenie Si\u00f3str Franciszkanek Rodziny Maryi","robots":{"index":"index","follow":"follow","max-snippet":"max-snippet:-1","max-image-preview":"max-image-preview:large","max-video-preview":"max-video-preview:-1"},"canonical":"https:\/\/prowincjawarszawska.pl\/index.php\/2021\/12\/25\/uroczystosc-bozego-narodzenia\/","og_locale":"pl_PL","og_type":"article","og_title":"UROCZYSTO\u015a\u0106 BO\u017bEGO NARODZENIA - Zgromadzenie Si\u00f3str Franciszkanek Rodziny Maryi","og_description":"\u201ePo za\u015blubinach Matki Jego, Maryi, z J\u00f3zefem, wpierw nim zamieszkali razem, znalaz\u0142a si\u0119 brzemienn\u0105 za spraw\u0105 Ducha \u015awi\u0119tego.\u201d Mt 1, 18 Dzisiejsza Ewangelia pokazuje nam, i\u017c ka\u017cdy cz\u0142owiek, kt\u00f3ry daje si\u0119 prowadzi\u0107 Duchowi \u015awi\u0119temu, mo\u017ce by\u0107, jak Maryja, brzemienny w S\u0142owo Bo\u017ce i rodzi\u0107 Chrystusa dla innych. Otw\u00f3rzmy serca na Jego dzia\u0142anie i wo\u0142ajmy \u2013 [&hellip;]","og_url":"https:\/\/prowincjawarszawska.pl\/index.php\/2021\/12\/25\/uroczystosc-bozego-narodzenia\/","og_site_name":"Zgromadzenie Si\u00f3str Franciszkanek Rodziny Maryi","article_published_time":"2021-12-24T23:01:47+00:00","article_modified_time":"2022-01-10T13:01:22+00:00","og_image":[{"url":"http:\/\/prowincjawarszawska.pl\/wp-content\/uploads\/2022\/01\/Boze-Narodzenie-2021-1024x576.jpg","type":"","width":"","height":""}],"author":"Aleksandra Karczewska","twitter_card":"summary_large_image","twitter_misc":{"Napisane przez":"Aleksandra Karczewska","Szacowany czas czytania":"1 minuta"},"schema":{"@context":"https:\/\/schema.org","@graph":[{"@type":"Article","@id":"https:\/\/prowincjawarszawska.pl\/index.php\/2021\/12\/25\/uroczystosc-bozego-narodzenia\/#article","isPartOf":{"@id":"https:\/\/prowincjawarszawska.pl\/index.php\/2021\/12\/25\/uroczystosc-bozego-narodzenia\/"},"author":{"name":"Aleksandra Karczewska","@id":"https:\/\/prowincjawarszawska.pl\/#\/schema\/person\/b86f34f349ce4eae29f1ab3c78e3910b"},"headline":"UROCZYSTO\u015a\u0106 BO\u017bEGO NARODZENIA","datePublished":"2021-12-24T23:01:47+00:00","dateModified":"2022-01-10T13:01:22+00:00","mainEntityOfPage":{"@id":"https:\/\/prowincjawarszawska.pl\/index.php\/2021\/12\/25\/uroczystosc-bozego-narodzenia\/"},"wordCount":75,"publisher":{"@id":"https:\/\/prowincjawarszawska.pl\/#organization"},"image":{"@id":"https:\/\/prowincjawarszawska.pl\/index.php\/2021\/12\/25\/uroczystosc-bozego-narodzenia\/#primaryimage"},"thumbnailUrl":"http:\/\/prowincjawarszawska.pl\/wp-content\/uploads\/2022\/01\/Boze-Narodzenie-2021-1024x576.jpg","articleSection":["Aktualno\u015bci"],"inLanguage":"pl-PL"},{"@type":"WebPage","@id":"https:\/\/prowincjawarszawska.pl\/index.php\/2021\/12\/25\/uroczystosc-bozego-narodzenia\/","url":"https:\/\/prowincjawarszawska.pl\/index.php\/2021\/12\/25\/uroczystosc-bozego-narodzenia\/","name":"UROCZYSTO\u015a\u0106 BO\u017bEGO NARODZENIA - Zgromadzenie Si\u00f3str Franciszkanek Rodziny Maryi","isPartOf":{"@id":"https:\/\/prowincjawarszawska.pl\/#website"},"primaryImageOfPage":{"@id":"https:\/\/prowincjawarszawska.pl\/index.php\/2021\/12\/25\/uroczystosc-bozego-narodzenia\/#primaryimage"},"image":{"@id":"https:\/\/prowincjawarszawska.pl\/index.php\/2021\/12\/25\/uroczystosc-bozego-narodzenia\/#primaryimage"},"thumbnailUrl":"http:\/\/prowincjawarszawska.pl\/wp-content\/uploads\/2022\/01\/Boze-Narodzenie-2021-1024x576.jpg","datePublished":"2021-12-24T23:01:47+00:00","dateModified":"2022-01-10T13:01:22+00:00","breadcrumb":{"@id":"https:\/\/prowincjawarszawska.pl\/index.php\/2021\/12\/25\/uroczystosc-bozego-narodzenia\/#breadcrumb"},"inLanguage":"pl-PL","potentialAction":[{"@type":"ReadAction","target":["https:\/\/prowincjawarszawska.pl\/index.php\/2021\/12\/25\/uroczystosc-bozego-narodzenia\/"]}]},{"@type":"ImageObject","inLanguage":"pl-PL","@id":"https:\/\/prowincjawarszawska.pl\/index.php\/2021\/12\/25\/uroczystosc-bozego-narodzenia\/#primaryimage","url":"https:\/\/prowincjawarszawska.pl\/wp-content\/uploads\/2022\/01\/Boze-Narodzenie-2021.jpg","contentUrl":"https:\/\/prowincjawarszawska.pl\/wp-content\/uploads\/2022\/01\/Boze-Narodzenie-2021.jpg","width":1280,"height":720},{"@type":"BreadcrumbList","@id":"https:\/\/prowincjawarszawska.pl\/index.php\/2021\/12\/25\/uroczystosc-bozego-narodzenia\/#breadcrumb","itemListElement":[{"@type":"ListItem","position":1,"name":"Strona g\u0142\u00f3wna","item":"https:\/\/prowincjawarszawska.pl\/"},{"@type":"ListItem","position":2,"name":"Aktualno\u015bci","item":"https:\/\/prowincjawarszawska.pl\/index.php\/category\/aktualnosci\/"},{"@type":"ListItem","position":3,"name":"UROCZYSTO\u015a\u0106 BO\u017bEGO NARODZENIA"}]},{"@type":"WebSite","@id":"https:\/\/prowincjawarszawska.pl\/#website","url":"https:\/\/prowincjawarszawska.pl\/","name":"Zgromadzenie Si\u00f3str Franciszkanek Rodziny Maryi","description":"Prowincja Warszawska","publisher":{"@id":"https:\/\/prowincjawarszawska.pl\/#organization"},"potentialAction":[{"@type":"SearchAction","target":{"@type":"EntryPoint","urlTemplate":"https:\/\/prowincjawarszawska.pl\/?s={search_term_string}"},"query-input":{"@type":"PropertyValueSpecification","valueRequired":true,"valueName":"search_term_string"}}],"inLanguage":"pl-PL"},{"@type":"Organization","@id":"https:\/\/prowincjawarszawska.pl\/#organization","name":"Zgromadzenie Si\u00f3str Franciszkanek Rodziny Maryi","url":"https:\/\/prowincjawarszawska.pl\/","logo":{"@type":"ImageObject","inLanguage":"pl-PL","@id":"https:\/\/prowincjawarszawska.pl\/#\/schema\/logo\/image\/","url":"https:\/\/prowincjawarszawska.pl\/wp-content\/uploads\/2022\/06\/cropped-LogoSRM.jpg","contentUrl":"https:\/\/prowincjawarszawska.pl\/wp-content\/uploads\/2022\/06\/cropped-LogoSRM.jpg","width":91,"height":91,"caption":"Zgromadzenie Si\u00f3str Franciszkanek Rodziny Maryi"},"image":{"@id":"https:\/\/prowincjawarszawska.pl\/#\/schema\/logo\/image\/"}},{"@type":"Person","@id":"https:\/\/prowincjawarszawska.pl\/#\/schema\/person\/b86f34f349ce4eae29f1ab3c78e3910b","name":"Aleksandra Karczewska","image":{"@type":"ImageObject","inLanguage":"pl-PL","@id":"https:\/\/prowincjawarszawska.pl\/#\/schema\/person\/image\/","url":"https:\/\/secure.gravatar.com\/avatar\/7891ef3d8325464ab3feebf492ec89da478f648f7f748a1004bb29d295503a99?s=96&d=mm&r=g","contentUrl":"https:\/\/secure.gravatar.com\/avatar\/7891ef3d8325464ab3feebf492ec89da478f648f7f748a1004bb29d295503a99?s=96&d=mm&r=g","caption":"Aleksandra Karczewska"},"url":"https:\/\/prowincjawarszawska.pl\/index.php\/author\/s-aleksandra\/"}]}},"jetpack_featured_media_url":"","jetpack_sharing_enabled":true,"_links":{"self":[{"href":"https:\/\/prowincjawarszawska.pl\/index.php\/wp-json\/wp\/v2\/posts\/473","targetHints":{"allow":["GET"]}}],"collection":[{"href":"https:\/\/prowincjawarszawska.pl\/index.php\/wp-json\/wp\/v2\/posts"}],"about":[{"href":"https:\/\/prowincjawarszawska.pl\/index.php\/wp-json\/wp\/v2\/types\/post"}],"author":[{"embeddable":true,"href":"https:\/\/prowincjawarszawska.pl\/index.php\/wp-json\/wp\/v2\/users\/2"}],"replies":[{"embeddable":true,"href":"https:\/\/prowincjawarszawska.pl\/index.php\/wp-json\/wp\/v2\/comments?post=473"}],"version-history":[{"count":3,"href":"https:\/\/prowincjawarszawska.pl\/index.php\/wp-json\/wp\/v2\/posts\/473\/revisions"}],"predecessor-version":[{"id":485,"href":"https:\/\/prowincjawarszawska.pl\/index.php\/wp-json\/wp\/v2\/posts\/473\/revisions\/485"}],"wp:attachment":[{"href":"https:\/\/prowincjawarszawska.pl\/index.php\/wp-json\/wp\/v2\/media?parent=473"}],"wp:term":[{"taxonomy":"category","embeddable":true,"href":"https:\/\/prowincjawarszawska.pl\/index.php\/wp-json\/wp\/v2\/categories?post=473"},{"taxonomy":"post_tag","embeddable":true,"href":"https:\/\/prowincjawarszawska.pl\/index.php\/wp-json\/wp\/v2\/tags?post=473"}],"curies":[{"name":"wp","href":"https:\/\/api.w.org\/{rel}","templated":true}]}}