{"id":600,"date":"2022-05-22T08:39:07","date_gmt":"2022-05-22T06:39:07","guid":{"rendered":"http:\/\/prowincjawarszawska.pl\/?p=600"},"modified":"2022-05-24T08:43:36","modified_gmt":"2022-05-24T06:43:36","slug":"vi-niedziela-wielkanocna","status":"publish","type":"post","link":"https:\/\/prowincjawarszawska.pl\/index.php\/2022\/05\/22\/vi-niedziela-wielkanocna\/","title":{"rendered":"VI NIEDZIELA WIELKANOCNA"},"content":{"rendered":"<p><strong><em>\u201ePok\u00f3j zostawiam wam, pok\u00f3j m\u00f3j daj\u0119 wam. Nie tak jak daje \u015bwiat, Ja wam daj\u0119. Niech si\u0119 nie trwo\u017cy serce wasze ani si\u0119 nie l\u0119ka.\u201d\u00a0 \u00a0 \u00a0 \u00a0 \u00a0 \u00a0 \u00a0 \u00a0J 14, 27<\/em><\/strong><\/p>\n<p>\u201ePok\u00f3j wewn\u0119trzny jest najdro\u017cszym na ziemi skarbem i jedynym upominkiem jaki Zbawiciel uczniom swym przyrzeka na ziemi\u201d \u015bw. Zygmunt Szcz\u0119sny Feli\u0144ski<\/p>\n\n\n<figure class=\"wp-block-image size-full is-resized\"><img loading=\"lazy\" decoding=\"async\" src=\"http:\/\/prowincjawarszawska.pl\/wp-content\/uploads\/2022\/05\/Duch-Swiety.jpg\" alt=\"\" class=\"wp-image-602\" width=\"422\" height=\"237\" srcset=\"https:\/\/prowincjawarszawska.pl\/wp-content\/uploads\/2022\/05\/Duch-Swiety.jpg 800w, https:\/\/prowincjawarszawska.pl\/wp-content\/uploads\/2022\/05\/Duch-Swiety-600x338.jpg 600w, https:\/\/prowincjawarszawska.pl\/wp-content\/uploads\/2022\/05\/Duch-Swiety-300x169.jpg 300w, https:\/\/prowincjawarszawska.pl\/wp-content\/uploads\/2022\/05\/Duch-Swiety-768x432.jpg 768w\" sizes=\"auto, (max-width: 422px) 100vw, 422px\" \/><\/figure>\n","protected":false},"excerpt":{"rendered":"<p>\u201ePok\u00f3j zostawiam wam, pok\u00f3j m\u00f3j daj\u0119 wam. Nie tak jak daje \u015bwiat, Ja wam daj\u0119. Niech si\u0119 nie trwo\u017cy serce wasze ani si\u0119 nie l\u0119ka.\u201d\u00a0 \u00a0 \u00a0 \u00a0 \u00a0 \u00a0 \u00a0 \u00a0J 14, 27 \u201ePok\u00f3j wewn\u0119trzny jest najdro\u017cszym na ziemi skarbem i jedynym upominkiem jaki Zbawiciel uczniom swym przyrzeka na ziemi\u201d \u015bw. Zygmunt Szcz\u0119sny Feli\u0144ski<\/p>\n","protected":false},"author":2,"featured_media":0,"comment_status":"closed","ping_status":"open","sticky":false,"template":"","format":"standard","meta":{"_jetpack_memberships_contains_paid_content":false,"footnotes":""},"categories":[2],"tags":[],"class_list":["post-600","post","type-post","status-publish","format-standard","hentry","category-aktualnosci"],"yoast_head":"<!-- This site is optimized with the Yoast SEO plugin v24.5 - https:\/\/yoast.com\/wordpress\/plugins\/seo\/ -->\n<title>VI NIEDZIELA WIELKANOCNA - Zgromadzenie Si\u00f3str Franciszkanek Rodziny Maryi<\/title>\n<meta name=\"robots\" content=\"index, follow, max-snippet:-1, max-image-preview:large, max-video-preview:-1\" \/>\n<link rel=\"canonical\" href=\"https:\/\/prowincjawarszawska.pl\/index.php\/2022\/05\/22\/vi-niedziela-wielkanocna\/\" \/>\n<meta property=\"og:locale\" content=\"pl_PL\" \/>\n<meta property=\"og:type\" content=\"article\" \/>\n<meta property=\"og:title\" content=\"VI NIEDZIELA WIELKANOCNA - Zgromadzenie Si\u00f3str Franciszkanek Rodziny Maryi\" \/>\n<meta property=\"og:description\" content=\"\u201ePok\u00f3j zostawiam wam, pok\u00f3j m\u00f3j daj\u0119 wam. Nie tak jak daje \u015bwiat, Ja wam daj\u0119. Niech si\u0119 nie trwo\u017cy serce wasze ani si\u0119 nie l\u0119ka.\u201d\u00a0 \u00a0 \u00a0 \u00a0 \u00a0 \u00a0 \u00a0 \u00a0J 14, 27 \u201ePok\u00f3j wewn\u0119trzny jest najdro\u017cszym na ziemi skarbem i jedynym upominkiem jaki Zbawiciel uczniom swym przyrzeka na ziemi\u201d \u015bw. Zygmunt Szcz\u0119sny Feli\u0144ski\" \/>\n<meta property=\"og:url\" content=\"https:\/\/prowincjawarszawska.pl\/index.php\/2022\/05\/22\/vi-niedziela-wielkanocna\/\" \/>\n<meta property=\"og:site_name\" content=\"Zgromadzenie Si\u00f3str Franciszkanek Rodziny Maryi\" \/>\n<meta property=\"article:published_time\" content=\"2022-05-22T06:39:07+00:00\" \/>\n<meta property=\"article:modified_time\" content=\"2022-05-24T06:43:36+00:00\" \/>\n<meta property=\"og:image\" content=\"http:\/\/prowincjawarszawska.pl\/wp-content\/uploads\/2022\/05\/Duch-Swiety.jpg\" \/>\n<meta name=\"author\" content=\"Aleksandra Karczewska\" \/>\n<meta name=\"twitter:card\" content=\"summary_large_image\" \/>\n<meta name=\"twitter:label1\" content=\"Napisane przez\" \/>\n\t<meta name=\"twitter:data1\" content=\"Aleksandra Karczewska\" \/>\n\t<meta name=\"twitter:label2\" content=\"Szacowany czas czytania\" \/>\n\t<meta name=\"twitter:data2\" content=\"1 minuta\" \/>\n<script type=\"application\/ld+json\" class=\"yoast-schema-graph\">{\"@context\":\"https:\/\/schema.org\",\"@graph\":[{\"@type\":\"Article\",\"@id\":\"https:\/\/prowincjawarszawska.pl\/index.php\/2022\/05\/22\/vi-niedziela-wielkanocna\/#article\",\"isPartOf\":{\"@id\":\"https:\/\/prowincjawarszawska.pl\/index.php\/2022\/05\/22\/vi-niedziela-wielkanocna\/\"},\"author\":{\"name\":\"Aleksandra Karczewska\",\"@id\":\"https:\/\/prowincjawarszawska.pl\/#\/schema\/person\/b86f34f349ce4eae29f1ab3c78e3910b\"},\"headline\":\"VI NIEDZIELA WIELKANOCNA\",\"datePublished\":\"2022-05-22T06:39:07+00:00\",\"dateModified\":\"2022-05-24T06:43:36+00:00\",\"mainEntityOfPage\":{\"@id\":\"https:\/\/prowincjawarszawska.pl\/index.php\/2022\/05\/22\/vi-niedziela-wielkanocna\/\"},\"wordCount\":60,\"publisher\":{\"@id\":\"https:\/\/prowincjawarszawska.pl\/#organization\"},\"image\":{\"@id\":\"https:\/\/prowincjawarszawska.pl\/index.php\/2022\/05\/22\/vi-niedziela-wielkanocna\/#primaryimage\"},\"thumbnailUrl\":\"http:\/\/prowincjawarszawska.pl\/wp-content\/uploads\/2022\/05\/Duch-Swiety.jpg\",\"articleSection\":[\"Aktualno\u015bci\"],\"inLanguage\":\"pl-PL\"},{\"@type\":\"WebPage\",\"@id\":\"https:\/\/prowincjawarszawska.pl\/index.php\/2022\/05\/22\/vi-niedziela-wielkanocna\/\",\"url\":\"https:\/\/prowincjawarszawska.pl\/index.php\/2022\/05\/22\/vi-niedziela-wielkanocna\/\",\"name\":\"VI NIEDZIELA WIELKANOCNA - Zgromadzenie Si\u00f3str Franciszkanek Rodziny Maryi\",\"isPartOf\":{\"@id\":\"https:\/\/prowincjawarszawska.pl\/#website\"},\"primaryImageOfPage\":{\"@id\":\"https:\/\/prowincjawarszawska.pl\/index.php\/2022\/05\/22\/vi-niedziela-wielkanocna\/#primaryimage\"},\"image\":{\"@id\":\"https:\/\/prowincjawarszawska.pl\/index.php\/2022\/05\/22\/vi-niedziela-wielkanocna\/#primaryimage\"},\"thumbnailUrl\":\"http:\/\/prowincjawarszawska.pl\/wp-content\/uploads\/2022\/05\/Duch-Swiety.jpg\",\"datePublished\":\"2022-05-22T06:39:07+00:00\",\"dateModified\":\"2022-05-24T06:43:36+00:00\",\"breadcrumb\":{\"@id\":\"https:\/\/prowincjawarszawska.pl\/index.php\/2022\/05\/22\/vi-niedziela-wielkanocna\/#breadcrumb\"},\"inLanguage\":\"pl-PL\",\"potentialAction\":[{\"@type\":\"ReadAction\",\"target\":[\"https:\/\/prowincjawarszawska.pl\/index.php\/2022\/05\/22\/vi-niedziela-wielkanocna\/\"]}]},{\"@type\":\"ImageObject\",\"inLanguage\":\"pl-PL\",\"@id\":\"https:\/\/prowincjawarszawska.pl\/index.php\/2022\/05\/22\/vi-niedziela-wielkanocna\/#primaryimage\",\"url\":\"https:\/\/prowincjawarszawska.pl\/wp-content\/uploads\/2022\/05\/Duch-Swiety.jpg\",\"contentUrl\":\"https:\/\/prowincjawarszawska.pl\/wp-content\/uploads\/2022\/05\/Duch-Swiety.jpg\",\"width\":800,\"height\":450},{\"@type\":\"BreadcrumbList\",\"@id\":\"https:\/\/prowincjawarszawska.pl\/index.php\/2022\/05\/22\/vi-niedziela-wielkanocna\/#breadcrumb\",\"itemListElement\":[{\"@type\":\"ListItem\",\"position\":1,\"name\":\"Strona g\u0142\u00f3wna\",\"item\":\"https:\/\/prowincjawarszawska.pl\/\"},{\"@type\":\"ListItem\",\"position\":2,\"name\":\"Aktualno\u015bci\",\"item\":\"https:\/\/prowincjawarszawska.pl\/index.php\/category\/aktualnosci\/\"},{\"@type\":\"ListItem\",\"position\":3,\"name\":\"VI NIEDZIELA WIELKANOCNA\"}]},{\"@type\":\"WebSite\",\"@id\":\"https:\/\/prowincjawarszawska.pl\/#website\",\"url\":\"https:\/\/prowincjawarszawska.pl\/\",\"name\":\"Zgromadzenie Si\u00f3str Franciszkanek Rodziny Maryi\",\"description\":\"Prowincja Warszawska\",\"publisher\":{\"@id\":\"https:\/\/prowincjawarszawska.pl\/#organization\"},\"potentialAction\":[{\"@type\":\"SearchAction\",\"target\":{\"@type\":\"EntryPoint\",\"urlTemplate\":\"https:\/\/prowincjawarszawska.pl\/?s={search_term_string}\"},\"query-input\":{\"@type\":\"PropertyValueSpecification\",\"valueRequired\":true,\"valueName\":\"search_term_string\"}}],\"inLanguage\":\"pl-PL\"},{\"@type\":\"Organization\",\"@id\":\"https:\/\/prowincjawarszawska.pl\/#organization\",\"name\":\"Zgromadzenie Si\u00f3str Franciszkanek Rodziny Maryi\",\"url\":\"https:\/\/prowincjawarszawska.pl\/\",\"logo\":{\"@type\":\"ImageObject\",\"inLanguage\":\"pl-PL\",\"@id\":\"https:\/\/prowincjawarszawska.pl\/#\/schema\/logo\/image\/\",\"url\":\"https:\/\/prowincjawarszawska.pl\/wp-content\/uploads\/2022\/06\/cropped-LogoSRM.jpg\",\"contentUrl\":\"https:\/\/prowincjawarszawska.pl\/wp-content\/uploads\/2022\/06\/cropped-LogoSRM.jpg\",\"width\":91,\"height\":91,\"caption\":\"Zgromadzenie Si\u00f3str Franciszkanek Rodziny Maryi\"},\"image\":{\"@id\":\"https:\/\/prowincjawarszawska.pl\/#\/schema\/logo\/image\/\"}},{\"@type\":\"Person\",\"@id\":\"https:\/\/prowincjawarszawska.pl\/#\/schema\/person\/b86f34f349ce4eae29f1ab3c78e3910b\",\"name\":\"Aleksandra Karczewska\",\"image\":{\"@type\":\"ImageObject\",\"inLanguage\":\"pl-PL\",\"@id\":\"https:\/\/prowincjawarszawska.pl\/#\/schema\/person\/image\/\",\"url\":\"https:\/\/secure.gravatar.com\/avatar\/7891ef3d8325464ab3feebf492ec89da478f648f7f748a1004bb29d295503a99?s=96&d=mm&r=g\",\"contentUrl\":\"https:\/\/secure.gravatar.com\/avatar\/7891ef3d8325464ab3feebf492ec89da478f648f7f748a1004bb29d295503a99?s=96&d=mm&r=g\",\"caption\":\"Aleksandra Karczewska\"},\"url\":\"https:\/\/prowincjawarszawska.pl\/index.php\/author\/s-aleksandra\/\"}]}<\/script>\n<!-- \/ Yoast SEO plugin. -->","yoast_head_json":{"title":"VI NIEDZIELA WIELKANOCNA - Zgromadzenie Si\u00f3str Franciszkanek Rodziny Maryi","robots":{"index":"index","follow":"follow","max-snippet":"max-snippet:-1","max-image-preview":"max-image-preview:large","max-video-preview":"max-video-preview:-1"},"canonical":"https:\/\/prowincjawarszawska.pl\/index.php\/2022\/05\/22\/vi-niedziela-wielkanocna\/","og_locale":"pl_PL","og_type":"article","og_title":"VI NIEDZIELA WIELKANOCNA - Zgromadzenie Si\u00f3str Franciszkanek Rodziny Maryi","og_description":"\u201ePok\u00f3j zostawiam wam, pok\u00f3j m\u00f3j daj\u0119 wam. Nie tak jak daje \u015bwiat, Ja wam daj\u0119. Niech si\u0119 nie trwo\u017cy serce wasze ani si\u0119 nie l\u0119ka.\u201d\u00a0 \u00a0 \u00a0 \u00a0 \u00a0 \u00a0 \u00a0 \u00a0J 14, 27 \u201ePok\u00f3j wewn\u0119trzny jest najdro\u017cszym na ziemi skarbem i jedynym upominkiem jaki Zbawiciel uczniom swym przyrzeka na ziemi\u201d \u015bw. Zygmunt Szcz\u0119sny Feli\u0144ski","og_url":"https:\/\/prowincjawarszawska.pl\/index.php\/2022\/05\/22\/vi-niedziela-wielkanocna\/","og_site_name":"Zgromadzenie Si\u00f3str Franciszkanek Rodziny Maryi","article_published_time":"2022-05-22T06:39:07+00:00","article_modified_time":"2022-05-24T06:43:36+00:00","og_image":[{"url":"http:\/\/prowincjawarszawska.pl\/wp-content\/uploads\/2022\/05\/Duch-Swiety.jpg","type":"","width":"","height":""}],"author":"Aleksandra Karczewska","twitter_card":"summary_large_image","twitter_misc":{"Napisane przez":"Aleksandra Karczewska","Szacowany czas czytania":"1 minuta"},"schema":{"@context":"https:\/\/schema.org","@graph":[{"@type":"Article","@id":"https:\/\/prowincjawarszawska.pl\/index.php\/2022\/05\/22\/vi-niedziela-wielkanocna\/#article","isPartOf":{"@id":"https:\/\/prowincjawarszawska.pl\/index.php\/2022\/05\/22\/vi-niedziela-wielkanocna\/"},"author":{"name":"Aleksandra Karczewska","@id":"https:\/\/prowincjawarszawska.pl\/#\/schema\/person\/b86f34f349ce4eae29f1ab3c78e3910b"},"headline":"VI NIEDZIELA WIELKANOCNA","datePublished":"2022-05-22T06:39:07+00:00","dateModified":"2022-05-24T06:43:36+00:00","mainEntityOfPage":{"@id":"https:\/\/prowincjawarszawska.pl\/index.php\/2022\/05\/22\/vi-niedziela-wielkanocna\/"},"wordCount":60,"publisher":{"@id":"https:\/\/prowincjawarszawska.pl\/#organization"},"image":{"@id":"https:\/\/prowincjawarszawska.pl\/index.php\/2022\/05\/22\/vi-niedziela-wielkanocna\/#primaryimage"},"thumbnailUrl":"http:\/\/prowincjawarszawska.pl\/wp-content\/uploads\/2022\/05\/Duch-Swiety.jpg","articleSection":["Aktualno\u015bci"],"inLanguage":"pl-PL"},{"@type":"WebPage","@id":"https:\/\/prowincjawarszawska.pl\/index.php\/2022\/05\/22\/vi-niedziela-wielkanocna\/","url":"https:\/\/prowincjawarszawska.pl\/index.php\/2022\/05\/22\/vi-niedziela-wielkanocna\/","name":"VI NIEDZIELA WIELKANOCNA - Zgromadzenie Si\u00f3str Franciszkanek Rodziny Maryi","isPartOf":{"@id":"https:\/\/prowincjawarszawska.pl\/#website"},"primaryImageOfPage":{"@id":"https:\/\/prowincjawarszawska.pl\/index.php\/2022\/05\/22\/vi-niedziela-wielkanocna\/#primaryimage"},"image":{"@id":"https:\/\/prowincjawarszawska.pl\/index.php\/2022\/05\/22\/vi-niedziela-wielkanocna\/#primaryimage"},"thumbnailUrl":"http:\/\/prowincjawarszawska.pl\/wp-content\/uploads\/2022\/05\/Duch-Swiety.jpg","datePublished":"2022-05-22T06:39:07+00:00","dateModified":"2022-05-24T06:43:36+00:00","breadcrumb":{"@id":"https:\/\/prowincjawarszawska.pl\/index.php\/2022\/05\/22\/vi-niedziela-wielkanocna\/#breadcrumb"},"inLanguage":"pl-PL","potentialAction":[{"@type":"ReadAction","target":["https:\/\/prowincjawarszawska.pl\/index.php\/2022\/05\/22\/vi-niedziela-wielkanocna\/"]}]},{"@type":"ImageObject","inLanguage":"pl-PL","@id":"https:\/\/prowincjawarszawska.pl\/index.php\/2022\/05\/22\/vi-niedziela-wielkanocna\/#primaryimage","url":"https:\/\/prowincjawarszawska.pl\/wp-content\/uploads\/2022\/05\/Duch-Swiety.jpg","contentUrl":"https:\/\/prowincjawarszawska.pl\/wp-content\/uploads\/2022\/05\/Duch-Swiety.jpg","width":800,"height":450},{"@type":"BreadcrumbList","@id":"https:\/\/prowincjawarszawska.pl\/index.php\/2022\/05\/22\/vi-niedziela-wielkanocna\/#breadcrumb","itemListElement":[{"@type":"ListItem","position":1,"name":"Strona g\u0142\u00f3wna","item":"https:\/\/prowincjawarszawska.pl\/"},{"@type":"ListItem","position":2,"name":"Aktualno\u015bci","item":"https:\/\/prowincjawarszawska.pl\/index.php\/category\/aktualnosci\/"},{"@type":"ListItem","position":3,"name":"VI NIEDZIELA WIELKANOCNA"}]},{"@type":"WebSite","@id":"https:\/\/prowincjawarszawska.pl\/#website","url":"https:\/\/prowincjawarszawska.pl\/","name":"Zgromadzenie Si\u00f3str Franciszkanek Rodziny Maryi","description":"Prowincja Warszawska","publisher":{"@id":"https:\/\/prowincjawarszawska.pl\/#organization"},"potentialAction":[{"@type":"SearchAction","target":{"@type":"EntryPoint","urlTemplate":"https:\/\/prowincjawarszawska.pl\/?s={search_term_string}"},"query-input":{"@type":"PropertyValueSpecification","valueRequired":true,"valueName":"search_term_string"}}],"inLanguage":"pl-PL"},{"@type":"Organization","@id":"https:\/\/prowincjawarszawska.pl\/#organization","name":"Zgromadzenie Si\u00f3str Franciszkanek Rodziny Maryi","url":"https:\/\/prowincjawarszawska.pl\/","logo":{"@type":"ImageObject","inLanguage":"pl-PL","@id":"https:\/\/prowincjawarszawska.pl\/#\/schema\/logo\/image\/","url":"https:\/\/prowincjawarszawska.pl\/wp-content\/uploads\/2022\/06\/cropped-LogoSRM.jpg","contentUrl":"https:\/\/prowincjawarszawska.pl\/wp-content\/uploads\/2022\/06\/cropped-LogoSRM.jpg","width":91,"height":91,"caption":"Zgromadzenie Si\u00f3str Franciszkanek Rodziny Maryi"},"image":{"@id":"https:\/\/prowincjawarszawska.pl\/#\/schema\/logo\/image\/"}},{"@type":"Person","@id":"https:\/\/prowincjawarszawska.pl\/#\/schema\/person\/b86f34f349ce4eae29f1ab3c78e3910b","name":"Aleksandra Karczewska","image":{"@type":"ImageObject","inLanguage":"pl-PL","@id":"https:\/\/prowincjawarszawska.pl\/#\/schema\/person\/image\/","url":"https:\/\/secure.gravatar.com\/avatar\/7891ef3d8325464ab3feebf492ec89da478f648f7f748a1004bb29d295503a99?s=96&d=mm&r=g","contentUrl":"https:\/\/secure.gravatar.com\/avatar\/7891ef3d8325464ab3feebf492ec89da478f648f7f748a1004bb29d295503a99?s=96&d=mm&r=g","caption":"Aleksandra Karczewska"},"url":"https:\/\/prowincjawarszawska.pl\/index.php\/author\/s-aleksandra\/"}]}},"jetpack_featured_media_url":"","jetpack_sharing_enabled":true,"_links":{"self":[{"href":"https:\/\/prowincjawarszawska.pl\/index.php\/wp-json\/wp\/v2\/posts\/600","targetHints":{"allow":["GET"]}}],"collection":[{"href":"https:\/\/prowincjawarszawska.pl\/index.php\/wp-json\/wp\/v2\/posts"}],"about":[{"href":"https:\/\/prowincjawarszawska.pl\/index.php\/wp-json\/wp\/v2\/types\/post"}],"author":[{"embeddable":true,"href":"https:\/\/prowincjawarszawska.pl\/index.php\/wp-json\/wp\/v2\/users\/2"}],"replies":[{"embeddable":true,"href":"https:\/\/prowincjawarszawska.pl\/index.php\/wp-json\/wp\/v2\/comments?post=600"}],"version-history":[{"count":3,"href":"https:\/\/prowincjawarszawska.pl\/index.php\/wp-json\/wp\/v2\/posts\/600\/revisions"}],"predecessor-version":[{"id":605,"href":"https:\/\/prowincjawarszawska.pl\/index.php\/wp-json\/wp\/v2\/posts\/600\/revisions\/605"}],"wp:attachment":[{"href":"https:\/\/prowincjawarszawska.pl\/index.php\/wp-json\/wp\/v2\/media?parent=600"}],"wp:term":[{"taxonomy":"category","embeddable":true,"href":"https:\/\/prowincjawarszawska.pl\/index.php\/wp-json\/wp\/v2\/categories?post=600"},{"taxonomy":"post_tag","embeddable":true,"href":"https:\/\/prowincjawarszawska.pl\/index.php\/wp-json\/wp\/v2\/tags?post=600"}],"curies":[{"name":"wp","href":"https:\/\/api.w.org\/{rel}","templated":true}]}}